{"id":1770,"date":"2025-02-04T11:11:42","date_gmt":"2025-02-04T10:11:42","guid":{"rendered":"https:\/\/abogadaviolenciadegenero.com\/como-solicitar-una-ayuda-economica-si-eres-victima-de-violencia-de-genero\/"},"modified":"2025-12-26T16:01:47","modified_gmt":"2025-12-26T15:01:47","slug":"comment-demander-une-aide-financiere-si-vous-etes-victime-de-violence-de-genre","status":"publish","type":"post","link":"https:\/\/abogadaviolenciadegenero.com\/fr\/comment-demander-une-aide-financiere-si-vous-etes-victime-de-violence-de-genre\/","title":{"rendered":"Comment demander une aide financi\u00e8re si vous \u00eates victime de violence de genre"},"content":{"rendered":"<section  class='av_textblock_section av-m6qbhh1h-0733c7c5272ddc4b9020329a8a0d13ee '   itemscope=\"itemscope\" itemtype=\"https:\/\/schema.org\/BlogPosting\" itemprop=\"blogPost\" ><div class='avia_textblock'  itemprop=\"text\" ><h1 data-path-to-node=\"1\"><b data-path-to-node=\"1\" data-index-in-node=\"0\">Comment demander une aide financi\u00e8re si vous \u00eates victime de violence de genre<\/b><\/h1>\n<p><img loading=\"lazy\" decoding=\"async\" class=\"alignnone size-full wp-image-1641\" src=\"https:\/\/abogadaviolenciadegenero.com\/wp-content\/uploads\/2025\/02\/solicitar-ayuda-economica-victima-violencia-de-genero.jpg\" alt=\"C\u00f3mo solicitar una ayuda econ\u00f3mica si eres v\u00edctima de violencia de g\u00e9nero\" width=\"1000\" height=\"667\" srcset=\"https:\/\/abogadaviolenciadegenero.com\/wp-content\/uploads\/2025\/02\/solicitar-ayuda-economica-victima-violencia-de-genero.jpg 1000w, https:\/\/abogadaviolenciadegenero.com\/wp-content\/uploads\/2025\/02\/solicitar-ayuda-economica-victima-violencia-de-genero-300x200.jpg 300w, https:\/\/abogadaviolenciadegenero.com\/wp-content\/uploads\/2025\/02\/solicitar-ayuda-economica-victima-violencia-de-genero-768x512.jpg 768w, https:\/\/abogadaviolenciadegenero.com\/wp-content\/uploads\/2025\/02\/solicitar-ayuda-economica-victima-violencia-de-genero-705x470.jpg 705w\" sizes=\"auto, (max-width: 1000px) 100vw, 1000px\" \/><\/p>\n<p data-path-to-node=\"3\">Imaginez que vous ayez r\u00e9ussi \u00e0 sortir d\u2019une situation de <b data-path-to-node=\"3\" data-index-in-node=\"58\">violence de genre<\/b>, mais que vous soyez confront\u00e9e \u00e0 une nouvelle r\u00e9alit\u00e9 : le manque de ressources \u00e9conomiques. L\u2019absence de revenus peut faire h\u00e9siter de nombreuses victimes avant de franchir le pas d\u00e9finitif. Cependant, il existe des <b data-path-to-node=\"3\" data-index-in-node=\"294\">aides financi\u00e8res<\/b> qui peuvent vous aider \u00e0 commencer une nouvelle vie loin de votre agresseur.<\/p>\n<p data-path-to-node=\"4\">Les difficult\u00e9s financi\u00e8res sont l&rsquo;un des principaux obstacles qui emp\u00eachent de nombreuses femmes de quitter une situation de violence. La d\u00e9pendance financi\u00e8re peut freiner la d\u00e9cision de partir par peur de se retrouver sans ressources, sans logement ou sans la possibilit\u00e9 de subvenir aux besoins de ses enfants. N\u00e9anmoins, il est important de savoir que l&rsquo;\u00c9tat et d&rsquo;autres institutions ont mis en place une s\u00e9rie d&rsquo;aides \u00e9conomiques sp\u00e9cifiques pour les victimes de violence de genre. Ces aides visent \u00e0 favoriser l&rsquo;autonomie, l&rsquo;acc\u00e8s au logement et la r\u00e9insertion sur le march\u00e9 du travail, garantissant ainsi une protection int\u00e9grale.<\/p>\n<p data-path-to-node=\"5\">Dans cet article, nous vous expliquons <b data-path-to-node=\"5\" data-index-in-node=\"39\">quelles sont les aides existantes, comment les solliciter et quelles conditions vous devez remplir<\/b> pour en b\u00e9n\u00e9ficier. Si vous \u00eates dans cette situation ou si vous connaissez quelqu&rsquo;un qui la vit, cette information peut faire la diff\u00e9rence entre rester pi\u00e9g\u00e9e dans la violence ou recommencer avec s\u00e9curit\u00e9 et stabilit\u00e9.<\/p>\n<h3 data-path-to-node=\"6\">Aides \u00e9conomiques pour les victimes de violence de genre<\/h3>\n<p data-path-to-node=\"7\">Les femmes ayant subi des violences de genre peuvent acc\u00e9der \u00e0 diverses aides financi\u00e8res pour retrouver leur autonomie et leur stabilit\u00e9. Ces aides sont octroy\u00e9es par l&rsquo;<b data-path-to-node=\"7\" data-index-in-node=\"170\">\u00c9tat, les communaut\u00e9s autonomes et les entit\u00e9s locales<\/b>. Elles sont con\u00e7ues pour couvrir diff\u00e9rents besoins, allant des allocations pour les d\u00e9penses de base aux aides au loyer et aux programmes d&rsquo;insertion professionnelle.<\/p>\n<p data-path-to-node=\"8\">Il est important de souligner que ces aides n&rsquo;offrent pas seulement un soutien financier, mais incluent \u00e9galement des mesures d&rsquo;accompagnement et de protection int\u00e9grale afin que les victimes puissent refaire leur vie sans crainte de repr\u00e9sailles. De plus, beaucoup de ces aides sont compatibles entre elles, ce qui permet aux b\u00e9n\u00e9ficiaires d&rsquo;acc\u00e9der \u00e0 plusieurs sources de soutien selon leur situation sp\u00e9cifique.<\/p>\n<h4 data-path-to-node=\"9\">1. Aide financi\u00e8re de l&rsquo;article 27 de la Loi Organique de Mesures de Protection Int\u00e9grale contre la Violence de Genre<\/h4>\n<p data-path-to-node=\"10\">Cette aide s&rsquo;adresse aux femmes qui ont des <b data-path-to-node=\"10\" data-index-in-node=\"44\">difficult\u00e9s \u00e0 trouver un emploi<\/b> en raison de la situation de violence qu&rsquo;elles ont subie. Elle est vers\u00e9e en un paiement unique et \u00e9quivaut \u00e0 <b data-path-to-node=\"10\" data-index-in-node=\"186\">six mois d&rsquo;allocation ch\u00f4mage<\/b>, bien que ce montant puisse augmenter en fonction de la situation familiale.<\/p>\n<ul data-path-to-node=\"11\">\n<li>\n<p data-path-to-node=\"11,0,0\"><b data-path-to-node=\"11,0,0\" data-index-in-node=\"0\">Conditions :<\/b><\/p>\n<ul data-path-to-node=\"11,0,1\">\n<li>\n<p data-path-to-node=\"11,0,1,0,0\">Ne pas avoir re\u00e7u cette aide auparavant.<\/p>\n<\/li>\n<li>\n<p data-path-to-node=\"11,0,1,1,0\">Ne pas d\u00e9passer certains plafonds de revenus.<\/p>\n<\/li>\n<li>\n<p data-path-to-node=\"11,0,1,2,0\">Disposer d&rsquo;une ordonnance de protection ou d&rsquo;un rapport des services sociaux.<\/p>\n<\/li>\n<\/ul>\n<\/li>\n<li>\n<p data-path-to-node=\"11,1,0\"><b data-path-to-node=\"11,1,0\" data-index-in-node=\"0\">Comment la solliciter :<\/b><\/p>\n<ul data-path-to-node=\"11,1,1\">\n<li>\n<p data-path-to-node=\"11,1,1,0,0\">Elle se traite dans les bureaux du <b data-path-to-node=\"11,1,1,0,0\" data-index-in-node=\"35\">SEPE (Service Public d&rsquo;Emploi \u00c9tatique)<\/b>. Vous pouvez prendre rendez-vous via leur site web ou par t\u00e9l\u00e9phone.<\/p>\n<\/li>\n<\/ul>\n<\/li>\n<\/ul>\n<h4 data-path-to-node=\"12\">2. Revenu Actif d&rsquo;Insertion (RAI) pour les femmes victimes de violence de genre<\/h4>\n<p data-path-to-node=\"13\">La RAI est une aide de <b data-path-to-node=\"13\" data-index-in-node=\"23\">463 euros par mois<\/b> (montant de 2024) pendant <b data-path-to-node=\"13\" data-index-in-node=\"68\">11 mois<\/b>, renouvelable jusqu&rsquo;\u00e0 trois fois. Elle s&rsquo;adresse aux femmes ayant des difficult\u00e9s \u00e0 trouver du travail. En plus de l&rsquo;allocation mensuelle, les b\u00e9n\u00e9ficiaires peuvent acc\u00e9der \u00e0 des programmes d&rsquo;insertion professionnelle et de formation.<\/p>\n<ul data-path-to-node=\"14\">\n<li>\n<p data-path-to-node=\"14,0,0\"><b data-path-to-node=\"14,0,0\" data-index-in-node=\"0\">Conditions :<\/b><\/p>\n<ul data-path-to-node=\"14,0,1\">\n<li>\n<p data-path-to-node=\"14,0,1,0,0\">Avoir moins de 65 ans.<\/p>\n<\/li>\n<li>\n<p data-path-to-node=\"14,0,1,1,0\">Avoir une ordonnance de protection ou un rapport des services sociaux.<\/p>\n<\/li>\n<li>\n<p data-path-to-node=\"14,0,1,2,0\">Ne pas avoir per\u00e7u la RAI au cours des 365 jours pr\u00e9c\u00e9dents.<\/p>\n<\/li>\n<\/ul>\n<\/li>\n<li>\n<p data-path-to-node=\"14,1,0\"><b data-path-to-node=\"14,1,0\" data-index-in-node=\"0\">Comment la solliciter :<\/b><\/p>\n<ul data-path-to-node=\"14,1,1\">\n<li>\n<p data-path-to-node=\"14,1,1,0,0\">Elle doit \u00eatre g\u00e9r\u00e9e aupr\u00e8s du <b data-path-to-node=\"14,1,1,0,0\" data-index-in-node=\"31\">SEPE<\/b>, tout comme l&rsquo;aide de l&rsquo;article 27.<\/p>\n<\/li>\n<\/ul>\n<\/li>\n<\/ul>\n<h4 data-path-to-node=\"15\">3. Aides r\u00e9gionales et locales<\/h4>\n<p data-path-to-node=\"16\">Chaque communaut\u00e9 autonome dispose de programmes sp\u00e9cifiques. Certains incluent :<\/p>\n<ul data-path-to-node=\"17\">\n<li>\n<p data-path-to-node=\"17,0,0\">Versements mensuels ou aides au loyer.<\/p>\n<\/li>\n<li>\n<p data-path-to-node=\"17,1,0\">Programmes d&#8217;emploi et de formation.<\/p>\n<\/li>\n<li>\n<p data-path-to-node=\"17,2,0\">Acc\u00e8s prioritaire aux logements sociaux.<\/p>\n<\/li>\n<li>\n<p data-path-to-node=\"17,3,0\">Conseils juridiques et psychologiques gratuits.<\/p>\n<\/li>\n<li>\n<p data-path-to-node=\"17,4,0\"><b data-path-to-node=\"17,4,0\" data-index-in-node=\"0\">Comment les solliciter :<\/b><\/p>\n<ul data-path-to-node=\"17,4,1\">\n<li>\n<p data-path-to-node=\"17,4,1,0,0\">Consultez le site web de l&rsquo;<b data-path-to-node=\"17,4,1,0,0\" data-index-in-node=\"27\">Institut de la Femme de votre communaut\u00e9 autonome<\/b> ou rendez-vous aux services sociaux municipaux.<\/p>\n<\/li>\n<\/ul>\n<\/li>\n<\/ul>\n<h4 data-path-to-node=\"18\">4. Revenu Minimum Vital (IMV)<\/h4>\n<p data-path-to-node=\"19\">Si vous ne disposez d&rsquo;aucune ressource, vous pouvez solliciter le <b data-path-to-node=\"19\" data-index-in-node=\"66\">Revenu Minimum Vital<\/b>, une aide qui <b data-path-to-node=\"19\" data-index-in-node=\"101\">garantit un niveau de revenu minimum<\/b>. Cette prestation inclut \u00e9galement l&rsquo;acc\u00e8s \u00e0 d&rsquo;autres avantages sociaux (r\u00e9ductions dans les transports, aides \u00e0 l&rsquo;\u00e9ducation, etc.).<\/p>\n<ul data-path-to-node=\"20\">\n<li>\n<p data-path-to-node=\"20,0,0\"><b data-path-to-node=\"20,0,0\" data-index-in-node=\"0\">Conditions :<\/b><\/p>\n<ul data-path-to-node=\"20,0,1\">\n<li>\n<p data-path-to-node=\"20,0,1,0,0\">Revenus inf\u00e9rieurs au seuil \u00e9tabli.<\/p>\n<\/li>\n<li>\n<p data-path-to-node=\"20,0,1,1,0\">\u00catre en situation de vuln\u00e9rabilit\u00e9.<\/p>\n<\/li>\n<\/ul>\n<\/li>\n<li>\n<p data-path-to-node=\"20,1,0\"><b data-path-to-node=\"20,1,0\" data-index-in-node=\"0\">Comment le solliciter :<\/b><\/p>\n<ul data-path-to-node=\"20,1,1\">\n<li>\n<p data-path-to-node=\"20,1,1,0,0\">Via le site web de la <b data-path-to-node=\"20,1,1,0,0\" data-index-in-node=\"22\">S\u00e9curit\u00e9 Sociale<\/b>.<\/p>\n<\/li>\n<\/ul>\n<\/li>\n<\/ul>\n<h3 data-path-to-node=\"22\">\u00c9tapes pour solliciter une aide financi\u00e8re<\/h3>\n<p data-path-to-node=\"23\">Solliciter une aide peut sembler complexe, mais en suivant ces \u00e9tapes, le processus sera plus simple :<\/p>\n<ol start=\"1\" data-path-to-node=\"24\">\n<li>\n<p data-path-to-node=\"24,0,0\"><b data-path-to-node=\"24,0,0\" data-index-in-node=\"0\">R\u00e9unir la documentation :<\/b> Vous aurez besoin de votre DNI\/NIE en vigueur, de l&rsquo;<b data-path-to-node=\"24,0,0\" data-index-in-node=\"78\">ordonnance de protection<\/b> (ou rapport social), de justificatifs de revenus et d&rsquo;un certificat de recensement (<i data-path-to-node=\"24,0,0\" data-index-in-node=\"187\">empadronamiento<\/i>).<\/p>\n<\/li>\n<li>\n<p data-path-to-node=\"24,1,0\"><b data-path-to-node=\"24,1,0\" data-index-in-node=\"0\">Prendre rendez-vous :<\/b> Via les sites officiels du SEPE, de la S\u00e9curit\u00e9 Sociale ou des services sociaux.<\/p>\n<\/li>\n<li>\n<p data-path-to-node=\"24,2,0\"><b data-path-to-node=\"24,2,0\" data-index-in-node=\"0\">Pr\u00e9senter la demande :<\/b> Dans les bureaux correspondants ou via les si\u00e8ges \u00e9lectroniques. Demandez toujours un <b data-path-to-node=\"24,2,0\" data-index-in-node=\"109\">r\u00e9c\u00e9piss\u00e9 de d\u00e9p\u00f4t<\/b>.<\/p>\n<\/li>\n<li>\n<p data-path-to-node=\"24,3,0\"><b data-path-to-node=\"24,3,0\" data-index-in-node=\"0\">Suivi de la demande :<\/b> V\u00e9rifiez r\u00e9guli\u00e8rement l&rsquo;\u00e9tat de votre dossier en ligne ou par t\u00e9l\u00e9phone.<\/p>\n<\/li>\n<li>\n<p data-path-to-node=\"24,4,0\"><b data-path-to-node=\"24,4,0\" data-index-in-node=\"0\">R\u00e9ception et conformit\u00e9 :<\/b> Une fois approuv\u00e9e, l&rsquo;aide est vers\u00e9e sur votre compte bancaire. N&rsquo;oubliez pas de signaler tout changement de situation pour \u00e9viter des sanctions.<\/p>\n<\/li>\n<\/ol>\n<h3 data-path-to-node=\"26\">Questions fr\u00e9quemment pos\u00e9es (FAQ)<\/h3>\n<ol start=\"1\" data-path-to-node=\"27\">\n<li>\n<p data-path-to-node=\"27,0,0\"><b data-path-to-node=\"27,0,0\" data-index-in-node=\"0\">Puis-je solliciter plus d&rsquo;une aide ?<\/b> Cela d\u00e9pend de l&rsquo;aide. Certaines sont compatibles, d&rsquo;autres non. Il est conseill\u00e9 de consulter un avocat sp\u00e9cialis\u00e9.<\/p>\n<\/li>\n<li>\n<p data-path-to-node=\"27,1,0\"><b data-path-to-node=\"27,1,0\" data-index-in-node=\"0\">Que se passe-t-il si je n&rsquo;ai pas d&rsquo;ordonnance de protection ?<\/b> Vous pouvez pr\u00e9senter un <b data-path-to-node=\"27,1,0\" data-index-in-node=\"87\">rapport des services sociaux<\/b>, d&rsquo;un centre d&rsquo;accueil ou du Minist\u00e8re Public (<i data-path-to-node=\"27,1,0\" data-index-in-node=\"163\">Minist\u00e8re Fiscal<\/i>).<\/p>\n<\/li>\n<li>\n<p data-path-to-node=\"27,2,0\"><b data-path-to-node=\"27,2,0\" data-index-in-node=\"0\">Combien de temps faut-il pour l&rsquo;approbation ?<\/b> Le d\u00e9lai varie g\u00e9n\u00e9ralement entre <b data-path-to-node=\"27,2,0\" data-index-in-node=\"80\">un et trois mois<\/b>.<\/p>\n<\/li>\n<li>\n<p data-path-to-node=\"27,3,0\"><b data-path-to-node=\"27,3,0\" data-index-in-node=\"0\">O\u00f9 puis-je recevoir des conseils gratuits ?<\/b> Aux services sociaux de votre mairie, dans les associations de femmes ou aupr\u00e8s des <b data-path-to-node=\"27,3,0\" data-index-in-node=\"128\">Ordres des Avocats (<i data-path-to-node=\"27,3,0\" data-index-in-node=\"148\">Colegios de Abogados<\/i>)<\/b> qui offrent une assistance juridique gratuite.<\/p>\n<\/li>\n<\/ol>\n<\/div><\/section>\n","protected":false},"excerpt":{"rendered":"","protected":false},"author":1,"featured_media":1764,"comment_status":"closed","ping_status":"closed","sticky":false,"template":"","format":"standard","meta":{"footnotes":""},"categories":[16],"tags":[],"class_list":["post-1770","post","type-post","status-publish","format-standard","has-post-thumbnail","hentry","category-non-classifiee"],"yoast_head":"<!-- This site is optimized with the Yoast SEO plugin v27.5 - https:\/\/yoast.com\/product\/yoast-seo-wordpress\/ -->\n<title>Comment demander une aide financi\u00e8re si vous \u00eates victime de violence de genre - Celeste P\u00e9rez - Abogada de violencia de g\u00e9nero<\/title>\n<meta name=\"description\" content=\"Recommencer une vie en toute s\u00e9curit\u00e9 est possible. Retrouvez toutes les informations sur les aides \u00e9conomiques, l&#039;acc\u00e8s au logement et l&#039;insertion professionnelle pour les femmes victimes de violence de genre en Espagne.\" \/>\n<meta name=\"robots\" content=\"index, follow, max-snippet:-1, max-image-preview:large, max-video-preview:-1\" \/>\n<link rel=\"canonical\" href=\"https:\/\/abogadaviolenciadegenero.com\/fr\/comment-demander-une-aide-financiere-si-vous-etes-victime-de-violence-de-genre\/\" \/>\n<meta property=\"og:locale\" content=\"fr_FR\" \/>\n<meta property=\"og:type\" content=\"article\" \/>\n<meta property=\"og:title\" content=\"Comment demander une aide financi\u00e8re si vous \u00eates victime de violence de genre - Celeste P\u00e9rez - Abogada de violencia de g\u00e9nero\" \/>\n<meta property=\"og:description\" content=\"Recommencer une vie en toute s\u00e9curit\u00e9 est possible. Retrouvez toutes les informations sur les aides \u00e9conomiques, l&#039;acc\u00e8s au logement et l&#039;insertion professionnelle pour les femmes victimes de violence de genre en Espagne.\" \/>\n<meta property=\"og:url\" content=\"https:\/\/abogadaviolenciadegenero.com\/fr\/comment-demander-une-aide-financiere-si-vous-etes-victime-de-violence-de-genre\/\" \/>\n<meta property=\"og:site_name\" content=\"Celeste P\u00e9rez - Abogada de violencia de g\u00e9nero\" \/>\n<meta property=\"article:published_time\" content=\"2025-02-04T10:11:42+00:00\" \/>\n<meta property=\"article:modified_time\" content=\"2025-12-26T15:01:47+00:00\" \/>\n<meta property=\"og:image\" content=\"https:\/\/abogadaviolenciadegenero.com\/wp-content\/uploads\/2025\/02\/solicitar-ayuda-economica-victima-violencia-de-genero.jpg\" \/>\n\t<meta property=\"og:image:width\" content=\"1000\" \/>\n\t<meta property=\"og:image:height\" content=\"667\" \/>\n\t<meta property=\"og:image:type\" content=\"image\/jpeg\" \/>\n<meta name=\"author\" content=\"admin\" \/>\n<meta name=\"twitter:card\" content=\"summary_large_image\" \/>\n<meta name=\"twitter:label1\" content=\"\u00c9crit par\" \/>\n\t<meta name=\"twitter:data1\" content=\"admin\" \/>\n\t<meta name=\"twitter:label2\" content=\"Dur\u00e9e de lecture estim\u00e9e\" \/>\n\t<meta name=\"twitter:data2\" content=\"5 minutes\" \/>\n<script type=\"application\/ld+json\" class=\"yoast-schema-graph\">{\"@context\":\"https:\\\/\\\/schema.org\",\"@graph\":[{\"@type\":\"Article\",\"@id\":\"https:\\\/\\\/abogadaviolenciadegenero.com\\\/fr\\\/comment-demander-une-aide-financiere-si-vous-etes-victime-de-violence-de-genre\\\/#article\",\"isPartOf\":{\"@id\":\"https:\\\/\\\/abogadaviolenciadegenero.com\\\/fr\\\/comment-demander-une-aide-financiere-si-vous-etes-victime-de-violence-de-genre\\\/\"},\"author\":{\"name\":\"admin\",\"@id\":\"https:\\\/\\\/abogadaviolenciadegenero.com\\\/fr\\\/#\\\/schema\\\/person\\\/095a2d0be42f1ccaf314a2014864471b\"},\"headline\":\"Comment demander une aide financi\u00e8re si vous \u00eates victime de violence de genre\",\"datePublished\":\"2025-02-04T10:11:42+00:00\",\"dateModified\":\"2025-12-26T15:01:47+00:00\",\"mainEntityOfPage\":{\"@id\":\"https:\\\/\\\/abogadaviolenciadegenero.com\\\/fr\\\/comment-demander-une-aide-financiere-si-vous-etes-victime-de-violence-de-genre\\\/\"},\"wordCount\":1186,\"image\":{\"@id\":\"https:\\\/\\\/abogadaviolenciadegenero.com\\\/fr\\\/comment-demander-une-aide-financiere-si-vous-etes-victime-de-violence-de-genre\\\/#primaryimage\"},\"thumbnailUrl\":\"https:\\\/\\\/abogadaviolenciadegenero.com\\\/wp-content\\\/uploads\\\/2025\\\/02\\\/solicitar-ayuda-economica-victima-violencia-de-genero.jpg\",\"articleSection\":[\"Non classifi\u00e9(e)\"],\"inLanguage\":\"fr-FR\"},{\"@type\":\"WebPage\",\"@id\":\"https:\\\/\\\/abogadaviolenciadegenero.com\\\/fr\\\/comment-demander-une-aide-financiere-si-vous-etes-victime-de-violence-de-genre\\\/\",\"url\":\"https:\\\/\\\/abogadaviolenciadegenero.com\\\/fr\\\/comment-demander-une-aide-financiere-si-vous-etes-victime-de-violence-de-genre\\\/\",\"name\":\"Comment demander une aide financi\u00e8re si vous \u00eates victime de violence de genre - Celeste P\u00e9rez - Abogada de violencia de g\u00e9nero\",\"isPartOf\":{\"@id\":\"https:\\\/\\\/abogadaviolenciadegenero.com\\\/fr\\\/#website\"},\"primaryImageOfPage\":{\"@id\":\"https:\\\/\\\/abogadaviolenciadegenero.com\\\/fr\\\/comment-demander-une-aide-financiere-si-vous-etes-victime-de-violence-de-genre\\\/#primaryimage\"},\"image\":{\"@id\":\"https:\\\/\\\/abogadaviolenciadegenero.com\\\/fr\\\/comment-demander-une-aide-financiere-si-vous-etes-victime-de-violence-de-genre\\\/#primaryimage\"},\"thumbnailUrl\":\"https:\\\/\\\/abogadaviolenciadegenero.com\\\/wp-content\\\/uploads\\\/2025\\\/02\\\/solicitar-ayuda-economica-victima-violencia-de-genero.jpg\",\"datePublished\":\"2025-02-04T10:11:42+00:00\",\"dateModified\":\"2025-12-26T15:01:47+00:00\",\"author\":{\"@id\":\"https:\\\/\\\/abogadaviolenciadegenero.com\\\/fr\\\/#\\\/schema\\\/person\\\/095a2d0be42f1ccaf314a2014864471b\"},\"description\":\"Recommencer une vie en toute s\u00e9curit\u00e9 est possible. Retrouvez toutes les informations sur les aides \u00e9conomiques, l'acc\u00e8s au logement et l'insertion professionnelle pour les femmes victimes de violence de genre en Espagne.\",\"breadcrumb\":{\"@id\":\"https:\\\/\\\/abogadaviolenciadegenero.com\\\/fr\\\/comment-demander-une-aide-financiere-si-vous-etes-victime-de-violence-de-genre\\\/#breadcrumb\"},\"inLanguage\":\"fr-FR\",\"potentialAction\":[{\"@type\":\"ReadAction\",\"target\":[\"https:\\\/\\\/abogadaviolenciadegenero.com\\\/fr\\\/comment-demander-une-aide-financiere-si-vous-etes-victime-de-violence-de-genre\\\/\"]}]},{\"@type\":\"ImageObject\",\"inLanguage\":\"fr-FR\",\"@id\":\"https:\\\/\\\/abogadaviolenciadegenero.com\\\/fr\\\/comment-demander-une-aide-financiere-si-vous-etes-victime-de-violence-de-genre\\\/#primaryimage\",\"url\":\"https:\\\/\\\/abogadaviolenciadegenero.com\\\/wp-content\\\/uploads\\\/2025\\\/02\\\/solicitar-ayuda-economica-victima-violencia-de-genero.jpg\",\"contentUrl\":\"https:\\\/\\\/abogadaviolenciadegenero.com\\\/wp-content\\\/uploads\\\/2025\\\/02\\\/solicitar-ayuda-economica-victima-violencia-de-genero.jpg\",\"width\":1000,\"height\":667,\"caption\":\"C\u00f3mo solicitar una ayuda econ\u00f3mica si eres v\u00edctima de violencia de g\u00e9nero\"},{\"@type\":\"BreadcrumbList\",\"@id\":\"https:\\\/\\\/abogadaviolenciadegenero.com\\\/fr\\\/comment-demander-une-aide-financiere-si-vous-etes-victime-de-violence-de-genre\\\/#breadcrumb\",\"itemListElement\":[{\"@type\":\"ListItem\",\"position\":1,\"name\":\"Portada\",\"item\":\"https:\\\/\\\/abogadaviolenciadegenero.com\\\/fr\\\/\"},{\"@type\":\"ListItem\",\"position\":2,\"name\":\"Comment demander une aide financi\u00e8re si vous \u00eates victime de violence de genre\"}]},{\"@type\":\"WebSite\",\"@id\":\"https:\\\/\\\/abogadaviolenciadegenero.com\\\/fr\\\/#website\",\"url\":\"https:\\\/\\\/abogadaviolenciadegenero.com\\\/fr\\\/\",\"name\":\"Celeste P\u00e9rez - Abogada de violencia de g\u00e9nero\",\"description\":\"Defensa jur\u00eddica de la mujer y el hombre en Alicante\",\"potentialAction\":[{\"@type\":\"SearchAction\",\"target\":{\"@type\":\"EntryPoint\",\"urlTemplate\":\"https:\\\/\\\/abogadaviolenciadegenero.com\\\/fr\\\/?s={search_term_string}\"},\"query-input\":{\"@type\":\"PropertyValueSpecification\",\"valueRequired\":true,\"valueName\":\"search_term_string\"}}],\"inLanguage\":\"fr-FR\"},{\"@type\":\"Person\",\"@id\":\"https:\\\/\\\/abogadaviolenciadegenero.com\\\/fr\\\/#\\\/schema\\\/person\\\/095a2d0be42f1ccaf314a2014864471b\",\"name\":\"admin\",\"image\":{\"@type\":\"ImageObject\",\"inLanguage\":\"fr-FR\",\"@id\":\"https:\\\/\\\/secure.gravatar.com\\\/avatar\\\/a01d79838170e720d249918c8bd2a30b50431d2b5474d92b7ebc9c5ac7c6c917?s=96&d=mm&r=g\",\"url\":\"https:\\\/\\\/secure.gravatar.com\\\/avatar\\\/a01d79838170e720d249918c8bd2a30b50431d2b5474d92b7ebc9c5ac7c6c917?s=96&d=mm&r=g\",\"contentUrl\":\"https:\\\/\\\/secure.gravatar.com\\\/avatar\\\/a01d79838170e720d249918c8bd2a30b50431d2b5474d92b7ebc9c5ac7c6c917?s=96&d=mm&r=g\",\"caption\":\"admin\"},\"sameAs\":[\"https:\\\/\\\/abogadaviolenciadegenero.com\"],\"url\":\"https:\\\/\\\/abogadaviolenciadegenero.com\\\/fr\\\/author\\\/david_ewhu82mp\\\/\"}]}<\/script>\n<!-- \/ Yoast SEO plugin. -->","yoast_head_json":{"title":"Comment demander une aide financi\u00e8re si vous \u00eates victime de violence de genre - Celeste P\u00e9rez - Abogada de violencia de g\u00e9nero","description":"Recommencer une vie en toute s\u00e9curit\u00e9 est possible. Retrouvez toutes les informations sur les aides \u00e9conomiques, l'acc\u00e8s au logement et l'insertion professionnelle pour les femmes victimes de violence de genre en Espagne.","robots":{"index":"index","follow":"follow","max-snippet":"max-snippet:-1","max-image-preview":"max-image-preview:large","max-video-preview":"max-video-preview:-1"},"canonical":"https:\/\/abogadaviolenciadegenero.com\/fr\/comment-demander-une-aide-financiere-si-vous-etes-victime-de-violence-de-genre\/","og_locale":"fr_FR","og_type":"article","og_title":"Comment demander une aide financi\u00e8re si vous \u00eates victime de violence de genre - Celeste P\u00e9rez - Abogada de violencia de g\u00e9nero","og_description":"Recommencer une vie en toute s\u00e9curit\u00e9 est possible. Retrouvez toutes les informations sur les aides \u00e9conomiques, l'acc\u00e8s au logement et l'insertion professionnelle pour les femmes victimes de violence de genre en Espagne.","og_url":"https:\/\/abogadaviolenciadegenero.com\/fr\/comment-demander-une-aide-financiere-si-vous-etes-victime-de-violence-de-genre\/","og_site_name":"Celeste P\u00e9rez - Abogada de violencia de g\u00e9nero","article_published_time":"2025-02-04T10:11:42+00:00","article_modified_time":"2025-12-26T15:01:47+00:00","og_image":[{"width":1000,"height":667,"url":"https:\/\/abogadaviolenciadegenero.com\/wp-content\/uploads\/2025\/02\/solicitar-ayuda-economica-victima-violencia-de-genero.jpg","type":"image\/jpeg"}],"author":"admin","twitter_card":"summary_large_image","twitter_misc":{"\u00c9crit par":"admin","Dur\u00e9e de lecture estim\u00e9e":"5 minutes"},"schema":{"@context":"https:\/\/schema.org","@graph":[{"@type":"Article","@id":"https:\/\/abogadaviolenciadegenero.com\/fr\/comment-demander-une-aide-financiere-si-vous-etes-victime-de-violence-de-genre\/#article","isPartOf":{"@id":"https:\/\/abogadaviolenciadegenero.com\/fr\/comment-demander-une-aide-financiere-si-vous-etes-victime-de-violence-de-genre\/"},"author":{"name":"admin","@id":"https:\/\/abogadaviolenciadegenero.com\/fr\/#\/schema\/person\/095a2d0be42f1ccaf314a2014864471b"},"headline":"Comment demander une aide financi\u00e8re si vous \u00eates victime de violence de genre","datePublished":"2025-02-04T10:11:42+00:00","dateModified":"2025-12-26T15:01:47+00:00","mainEntityOfPage":{"@id":"https:\/\/abogadaviolenciadegenero.com\/fr\/comment-demander-une-aide-financiere-si-vous-etes-victime-de-violence-de-genre\/"},"wordCount":1186,"image":{"@id":"https:\/\/abogadaviolenciadegenero.com\/fr\/comment-demander-une-aide-financiere-si-vous-etes-victime-de-violence-de-genre\/#primaryimage"},"thumbnailUrl":"https:\/\/abogadaviolenciadegenero.com\/wp-content\/uploads\/2025\/02\/solicitar-ayuda-economica-victima-violencia-de-genero.jpg","articleSection":["Non classifi\u00e9(e)"],"inLanguage":"fr-FR"},{"@type":"WebPage","@id":"https:\/\/abogadaviolenciadegenero.com\/fr\/comment-demander-une-aide-financiere-si-vous-etes-victime-de-violence-de-genre\/","url":"https:\/\/abogadaviolenciadegenero.com\/fr\/comment-demander-une-aide-financiere-si-vous-etes-victime-de-violence-de-genre\/","name":"Comment demander une aide financi\u00e8re si vous \u00eates victime de violence de genre - Celeste P\u00e9rez - Abogada de violencia de g\u00e9nero","isPartOf":{"@id":"https:\/\/abogadaviolenciadegenero.com\/fr\/#website"},"primaryImageOfPage":{"@id":"https:\/\/abogadaviolenciadegenero.com\/fr\/comment-demander-une-aide-financiere-si-vous-etes-victime-de-violence-de-genre\/#primaryimage"},"image":{"@id":"https:\/\/abogadaviolenciadegenero.com\/fr\/comment-demander-une-aide-financiere-si-vous-etes-victime-de-violence-de-genre\/#primaryimage"},"thumbnailUrl":"https:\/\/abogadaviolenciadegenero.com\/wp-content\/uploads\/2025\/02\/solicitar-ayuda-economica-victima-violencia-de-genero.jpg","datePublished":"2025-02-04T10:11:42+00:00","dateModified":"2025-12-26T15:01:47+00:00","author":{"@id":"https:\/\/abogadaviolenciadegenero.com\/fr\/#\/schema\/person\/095a2d0be42f1ccaf314a2014864471b"},"description":"Recommencer une vie en toute s\u00e9curit\u00e9 est possible. Retrouvez toutes les informations sur les aides \u00e9conomiques, l'acc\u00e8s au logement et l'insertion professionnelle pour les femmes victimes de violence de genre en Espagne.","breadcrumb":{"@id":"https:\/\/abogadaviolenciadegenero.com\/fr\/comment-demander-une-aide-financiere-si-vous-etes-victime-de-violence-de-genre\/#breadcrumb"},"inLanguage":"fr-FR","potentialAction":[{"@type":"ReadAction","target":["https:\/\/abogadaviolenciadegenero.com\/fr\/comment-demander-une-aide-financiere-si-vous-etes-victime-de-violence-de-genre\/"]}]},{"@type":"ImageObject","inLanguage":"fr-FR","@id":"https:\/\/abogadaviolenciadegenero.com\/fr\/comment-demander-une-aide-financiere-si-vous-etes-victime-de-violence-de-genre\/#primaryimage","url":"https:\/\/abogadaviolenciadegenero.com\/wp-content\/uploads\/2025\/02\/solicitar-ayuda-economica-victima-violencia-de-genero.jpg","contentUrl":"https:\/\/abogadaviolenciadegenero.com\/wp-content\/uploads\/2025\/02\/solicitar-ayuda-economica-victima-violencia-de-genero.jpg","width":1000,"height":667,"caption":"C\u00f3mo solicitar una ayuda econ\u00f3mica si eres v\u00edctima de violencia de g\u00e9nero"},{"@type":"BreadcrumbList","@id":"https:\/\/abogadaviolenciadegenero.com\/fr\/comment-demander-une-aide-financiere-si-vous-etes-victime-de-violence-de-genre\/#breadcrumb","itemListElement":[{"@type":"ListItem","position":1,"name":"Portada","item":"https:\/\/abogadaviolenciadegenero.com\/fr\/"},{"@type":"ListItem","position":2,"name":"Comment demander une aide financi\u00e8re si vous \u00eates victime de violence de genre"}]},{"@type":"WebSite","@id":"https:\/\/abogadaviolenciadegenero.com\/fr\/#website","url":"https:\/\/abogadaviolenciadegenero.com\/fr\/","name":"Celeste P\u00e9rez - Abogada de violencia de g\u00e9nero","description":"Defensa jur\u00eddica de la mujer y el hombre en Alicante","potentialAction":[{"@type":"SearchAction","target":{"@type":"EntryPoint","urlTemplate":"https:\/\/abogadaviolenciadegenero.com\/fr\/?s={search_term_string}"},"query-input":{"@type":"PropertyValueSpecification","valueRequired":true,"valueName":"search_term_string"}}],"inLanguage":"fr-FR"},{"@type":"Person","@id":"https:\/\/abogadaviolenciadegenero.com\/fr\/#\/schema\/person\/095a2d0be42f1ccaf314a2014864471b","name":"admin","image":{"@type":"ImageObject","inLanguage":"fr-FR","@id":"https:\/\/secure.gravatar.com\/avatar\/a01d79838170e720d249918c8bd2a30b50431d2b5474d92b7ebc9c5ac7c6c917?s=96&d=mm&r=g","url":"https:\/\/secure.gravatar.com\/avatar\/a01d79838170e720d249918c8bd2a30b50431d2b5474d92b7ebc9c5ac7c6c917?s=96&d=mm&r=g","contentUrl":"https:\/\/secure.gravatar.com\/avatar\/a01d79838170e720d249918c8bd2a30b50431d2b5474d92b7ebc9c5ac7c6c917?s=96&d=mm&r=g","caption":"admin"},"sameAs":["https:\/\/abogadaviolenciadegenero.com"],"url":"https:\/\/abogadaviolenciadegenero.com\/fr\/author\/david_ewhu82mp\/"}]}},"_links":{"self":[{"href":"https:\/\/abogadaviolenciadegenero.com\/fr\/wp-json\/wp\/v2\/posts\/1770","targetHints":{"allow":["GET"]}}],"collection":[{"href":"https:\/\/abogadaviolenciadegenero.com\/fr\/wp-json\/wp\/v2\/posts"}],"about":[{"href":"https:\/\/abogadaviolenciadegenero.com\/fr\/wp-json\/wp\/v2\/types\/post"}],"author":[{"embeddable":true,"href":"https:\/\/abogadaviolenciadegenero.com\/fr\/wp-json\/wp\/v2\/users\/1"}],"replies":[{"embeddable":true,"href":"https:\/\/abogadaviolenciadegenero.com\/fr\/wp-json\/wp\/v2\/comments?post=1770"}],"version-history":[{"count":0,"href":"https:\/\/abogadaviolenciadegenero.com\/fr\/wp-json\/wp\/v2\/posts\/1770\/revisions"}],"wp:featuredmedia":[{"embeddable":true,"href":"https:\/\/abogadaviolenciadegenero.com\/fr\/wp-json\/wp\/v2\/media\/1764"}],"wp:attachment":[{"href":"https:\/\/abogadaviolenciadegenero.com\/fr\/wp-json\/wp\/v2\/media?parent=1770"}],"wp:term":[{"taxonomy":"category","embeddable":true,"href":"https:\/\/abogadaviolenciadegenero.com\/fr\/wp-json\/wp\/v2\/categories?post=1770"},{"taxonomy":"post_tag","embeddable":true,"href":"https:\/\/abogadaviolenciadegenero.com\/fr\/wp-json\/wp\/v2\/tags?post=1770"}],"curies":[{"name":"wp","href":"https:\/\/api.w.org\/{rel}","templated":true}]}}