{"id":1801,"date":"2024-09-29T19:29:30","date_gmt":"2024-09-29T17:29:30","guid":{"rendered":"https:\/\/abogadaviolenciadegenero.com\/feminicidio-cifras-causas-y-como-prevenirlo\/"},"modified":"2025-12-26T16:32:32","modified_gmt":"2025-12-26T15:32:32","slug":"feminicide-statistiques-causes-et-prevention","status":"publish","type":"post","link":"https:\/\/abogadaviolenciadegenero.com\/fr\/feminicide-statistiques-causes-et-prevention\/","title":{"rendered":"F\u00e9minicide : statistiques, causes et pr\u00e9vention"},"content":{"rendered":"<section  class='av_textblock_section av-2rs2ev-90892d5125cef2c335a7c6841ec5b95a '   itemscope=\"itemscope\" itemtype=\"https:\/\/schema.org\/BlogPosting\" itemprop=\"blogPost\" ><div class='avia_textblock'  itemprop=\"text\" ><h1>F\u00e9minicide : statistiques, causes et pr\u00e9vention<\/h1>\n<p><img loading=\"lazy\" decoding=\"async\" class=\"alignnone size-full wp-image-1482\" src=\"https:\/\/abogadaviolenciadegenero.com\/wp-content\/uploads\/2024\/09\/que_es_feminicidio.jpg\" alt=\"qu\u00e9 es el feminicidio\" width=\"800\" height=\"533\" srcset=\"https:\/\/abogadaviolenciadegenero.com\/wp-content\/uploads\/2024\/09\/que_es_feminicidio.jpg 800w, https:\/\/abogadaviolenciadegenero.com\/wp-content\/uploads\/2024\/09\/que_es_feminicidio-300x200.jpg 300w, https:\/\/abogadaviolenciadegenero.com\/wp-content\/uploads\/2024\/09\/que_es_feminicidio-768x512.jpg 768w, https:\/\/abogadaviolenciadegenero.com\/wp-content\/uploads\/2024\/09\/que_es_feminicidio-705x470.jpg 705w\" sizes=\"auto, (max-width: 800px) 100vw, 800px\" \/><\/p>\n<p data-path-to-node=\"3\">Imaginez vous r\u00e9veiller un jour et entendre aux informations qu&rsquo;une autre femme a \u00e9t\u00e9 assassin\u00e9e. Ce n&rsquo;\u00e9tait ni un vol ni un accident, c&rsquo;\u00e9tait un meurtre motiv\u00e9 simplement parce qu&rsquo;elle \u00e9tait une femme. Cette r\u00e9alit\u00e9 tragique se r\u00e9p\u00e8te trop souvent et s&rsquo;appelle le f\u00e9minicide. Bien que de plus en plus de personnes soient famili\u00e8res avec ce terme, sa v\u00e9ritable signification et les chiffres d\u00e9vastateurs qui l&rsquo;entourent restent inconnus de beaucoup.<\/p>\n<p data-path-to-node=\"4\">Le f\u00e9minicide est l&rsquo;une des formes les plus graves et les plus extr\u00eames de <b data-path-to-node=\"4\" data-index-in-node=\"75\">violence de genre<\/b>, et le comprendre est fondamental pour le combattre. Mais pourquoi cela continue-t-il d&rsquo;arriver ? Quelles sont les causes qui font que des milliers de femmes perdent la vie chaque ann\u00e9e uniquement en raison de leur genre ? Plus important encore, que pouvons-nous faire, tant individuellement que collectivement, pour emp\u00eacher que davantage de femmes ne soient victimes de ce crime atroce ?<\/p>\n<p data-path-to-node=\"5\">Cet article vous donnera une vision claire et directe des chiffres actuels du f\u00e9minicide, explorera ses causes profondes et, surtout, vous montrera quelles mesures peuvent \u00eatre prises pour pr\u00e9venir ces d\u00e9c\u00e8s. Car c&rsquo;est seulement en comprenant le probl\u00e8me que nous pourrons agir pour l&rsquo;\u00e9radiquer.<\/p>\n<h3 data-path-to-node=\"7\">Qu&rsquo;est-ce que le f\u00e9minicide ?<\/h3>\n<p data-path-to-node=\"8\">Le f\u00e9minicide est l&rsquo;<b data-path-to-node=\"8\" data-index-in-node=\"20\">assassinat d&rsquo;une femme<\/b> motiv\u00e9 par des raisons de genre. Ce n&rsquo;est pas un simple homicide, ni un meurtre accidentel, mais un acte d&rsquo;extr\u00eame violence dirig\u00e9 sp\u00e9cifiquement contre les femmes en raison de la discrimination, du machisme et des in\u00e9galit\u00e9s qui ont persist\u00e9 tout au long de l&rsquo;histoire. Le f\u00e9minicide, contrairement \u00e0 d&rsquo;autres crimes, a une connotation profond\u00e9ment enracin\u00e9e dans l&rsquo;oppression structurelle que de nombreuses femmes affrontent dans leur vie quotidienne.<\/p>\n<p data-path-to-node=\"9\">Ce crime refl\u00e8te l&rsquo;aboutissement d&rsquo;un cycle de violence de genre, qui peut commencer par de l&rsquo;abus psychologique, de la violence \u00e9conomique ou de la maltraitance physique, et, malheureusement, s&rsquo;intensifier jusqu&rsquo;\u00e0 l&rsquo;assassinat. Il est important de comprendre que le f\u00e9minicide ne se produit pas de mani\u00e8re isol\u00e9e. Dans la plupart des cas, il est pr\u00e9c\u00e9d\u00e9 d&rsquo;un <b data-path-to-node=\"9\" data-index-in-node=\"360\">historique de violence<\/b> et d&rsquo;abus qui a \u00e9t\u00e9 ignor\u00e9 ou minimis\u00e9 tant par la soci\u00e9t\u00e9 que, parfois, par les institutions elles-m\u00eames.<\/p>\n<h3 data-path-to-node=\"10\">Types de f\u00e9minicide<\/h3>\n<p data-path-to-node=\"11\">Il existe diff\u00e9rents types de f\u00e9minicide, selon le contexte et la relation entre la victime et l&rsquo;agresseur :<\/p>\n<ul data-path-to-node=\"12\">\n<li>\n<p data-path-to-node=\"12,0,0\"><b data-path-to-node=\"12,0,0\" data-index-in-node=\"0\">F\u00e9minicide intime :<\/b> Il se produit lorsque la femme est assassin\u00e9e par son partenaire ou ex-partenaire. C&rsquo;est le type de f\u00e9minicide le plus courant.<\/p>\n<\/li>\n<li>\n<p data-path-to-node=\"12,1,0\"><b data-path-to-node=\"12,1,0\" data-index-in-node=\"0\">F\u00e9minicide non intime :<\/b> Il survient lorsqu&rsquo;une femme est assassin\u00e9e par un homme avec lequel elle n&rsquo;a pas de relation intime (inconnu, agression sexuelle, etc.).<\/p>\n<\/li>\n<li>\n<p data-path-to-node=\"12,2,0\"><b data-path-to-node=\"12,2,0\" data-index-in-node=\"0\">F\u00e9minicide par connexion :<\/b> Une femme est assassin\u00e9e parce qu&rsquo;elle est li\u00e9e \u00e0 une autre femme qui \u00e9tait la victime originelle (par exemple, une m\u00e8re tu\u00e9e en tentant de prot\u00e9ger sa fille).<\/p>\n<\/li>\n<li>\n<p data-path-to-node=\"12,3,0\"><b data-path-to-node=\"12,3,0\" data-index-in-node=\"0\">F\u00e9minicide sexuel :<\/b> Assassinat d&rsquo;une femme \u00e0 la suite d&rsquo;une agression sexuelle.<\/p>\n<\/li>\n<\/ul>\n<h3 data-path-to-node=\"14\">Les causes du f\u00e9minicide<\/h3>\n<p data-path-to-node=\"15\">Le f\u00e9minicide n&rsquo;est pas un acte impulsif ou isol\u00e9. Il prend racine dans des structures sociales, culturelles et \u00e9conomiques qui perp\u00e9tuent l&rsquo;in\u00e9galit\u00e9.<\/p>\n<ol start=\"1\" data-path-to-node=\"16\">\n<li>\n<p data-path-to-node=\"16,0,0\"><b data-path-to-node=\"16,0,0\" data-index-in-node=\"0\">Machisme et misogynie :<\/b> La croyance en la sup\u00e9riorit\u00e9 de l&rsquo;homme sur la femme et le m\u00e9pris envers elles justifient souvent cette violence extr\u00eame.<\/p>\n<\/li>\n<li>\n<p data-path-to-node=\"16,1,0\"><b data-path-to-node=\"16,1,0\" data-index-in-node=\"0\">In\u00e9galit\u00e9 de genre :<\/b> Le manque d&rsquo;acc\u00e8s \u00e0 l&rsquo;\u00e9ducation, \u00e0 l&rsquo;ind\u00e9pendance \u00e9conomique et au pouvoir de d\u00e9cision rend les femmes vuln\u00e9rables.<\/p>\n<\/li>\n<li>\n<p data-path-to-node=\"16,2,0\"><b data-path-to-node=\"16,2,0\" data-index-in-node=\"0\">Violence de genre pr\u00e9alable :<\/b> Le f\u00e9minicide est presque toujours le point final d&rsquo;un cycle d&rsquo;abus physique ou psychologique.<\/p>\n<\/li>\n<li>\n<p data-path-to-node=\"16,3,0\"><b data-path-to-node=\"16,3,0\" data-index-in-node=\"0\">Impunit\u00e9 et manque de justice :<\/b> Lorsque les agressions pr\u00e9c\u00e9dentes ne sont pas punies, l&rsquo;agresseur sent qu&rsquo;il peut agir sans cons\u00e9quences.<\/p>\n<\/li>\n<li>\n<p data-path-to-node=\"16,4,0\"><b data-path-to-node=\"16,4,0\" data-index-in-node=\"0\">Normalisation de la violence :<\/b> Dans certaines cultures, le contr\u00f4le excessif ou les insultes sont per\u00e7us comme \u00ab\u00a0normaux\u00a0\u00bb au sein du couple.<\/p>\n<\/li>\n<\/ol>\n<h3 data-path-to-node=\"18\">Comment pr\u00e9venir le f\u00e9minicide<\/h3>\n<p data-path-to-node=\"19\">Pr\u00e9venir le f\u00e9minicide n\u00e9cessite la collaboration des gouvernements, des institutions et de chaque citoyen.<\/p>\n<ul data-path-to-node=\"20\">\n<li>\n<p data-path-to-node=\"20,0,0\"><b data-path-to-node=\"20,0,0\" data-index-in-node=\"0\">\u00c9ducation \u00e0 l&rsquo;\u00e9galit\u00e9 d\u00e8s l&rsquo;enfance :<\/b> Enseigner le respect et l&#8217;empathie pour d\u00e9construire les st\u00e9r\u00e9otypes d\u00e8s le plus jeune \u00e2ge.<\/p>\n<\/li>\n<li>\n<p data-path-to-node=\"20,1,0\"><b data-path-to-node=\"20,1,0\" data-index-in-node=\"0\">Renforcement des lois :<\/b> Une l\u00e9gislation robuste et une application stricte des peines pour dissuader les agresseurs.<\/p>\n<\/li>\n<li>\n<p data-path-to-node=\"20,2,0\"><b data-path-to-node=\"20,2,0\" data-index-in-node=\"0\">Protection efficace des victimes :<\/b> Acc\u00e8s \u00e0 des refuges s\u00fbrs, assistance juridique gratuite et soutien psychologique pour briser le cycle de l&rsquo;abus.<\/p>\n<\/li>\n<li>\n<p data-path-to-node=\"20,3,0\"><b data-path-to-node=\"20,3,0\" data-index-in-node=\"0\">Sensibilisation et changement culturel :<\/b> Des campagnes pour aider la soci\u00e9t\u00e9 \u00e0 identifier les signaux d&rsquo;alerte.<\/p>\n<\/li>\n<li>\n<p data-path-to-node=\"20,4,0\"><b data-path-to-node=\"20,4,0\" data-index-in-node=\"0\">D\u00e9noncer et agir \u00e0 temps :<\/b> Cr\u00e9er un environnement o\u00f9 les victimes se sentent en s\u00e9curit\u00e9 pour d\u00e9noncer.<\/p>\n<\/li>\n<\/ul>\n<h3 data-path-to-node=\"22\">FAQs<\/h3>\n<p data-path-to-node=\"23\"><b data-path-to-node=\"23\" data-index-in-node=\"0\">Quelle est la diff\u00e9rence entre f\u00e9minicide et homicide ?<\/b> Le f\u00e9minicide est le meurtre d&rsquo;une femme sp\u00e9cifiquement pour des raisons de genre, tandis que l&rsquo;homicide est un terme g\u00e9n\u00e9ral qui ne d\u00e9pend pas du genre de la victime ou de la motivation sexiste.<\/p>\n<p data-path-to-node=\"24\"><b data-path-to-node=\"24\" data-index-in-node=\"0\">Quelles lois existent en Espagne contre le f\u00e9minicide ?<\/b> En Espagne, la <i data-path-to-node=\"24\" data-index-in-node=\"71\">Loi Int\u00e9grale contre la Violence de Genre<\/i> est l&rsquo;outil principal, bien qu&rsquo;il n&rsquo;existe pas encore de qualification sp\u00e9cifique \u00ab\u00a0f\u00e9minicide\u00a0\u00bb dans le Code p\u00e9nal.<\/p>\n<p data-path-to-node=\"25\"><b data-path-to-node=\"25\" data-index-in-node=\"0\">Le f\u00e9minicide ne se produit-il que dans les pays \u00e0 forte violence ?<\/b> Non, c&rsquo;est un probl\u00e8me mondial qui touche toutes les soci\u00e9t\u00e9s, y compris les pays les plus d\u00e9velopp\u00e9s.<\/p>\n<\/div><\/section>\n","protected":false},"excerpt":{"rendered":"","protected":false},"author":1,"featured_media":1484,"comment_status":"closed","ping_status":"closed","sticky":false,"template":"","format":"standard","meta":{"footnotes":""},"categories":[16],"tags":[],"class_list":["post-1801","post","type-post","status-publish","format-standard","has-post-thumbnail","hentry","category-non-classifiee"],"yoast_head":"<!-- This site is optimized with the Yoast SEO plugin v27.5 - https:\/\/yoast.com\/product\/yoast-seo-wordpress\/ -->\n<title>F\u00e9minicide : statistiques, causes et pr\u00e9vention - Celeste P\u00e9rez - Abogada de violencia de g\u00e9nero<\/title>\n<meta name=\"description\" content=\"F\u00e9minicide: d\u00e9finitions, types et pr\u00e9vention. Apprenez \u00e0 identifier les signaux d&#039;alerte de la violence de genre et les actions collectives n\u00e9cessaires pour mettre fin \u00e0 cette crise mondiale.\" \/>\n<meta name=\"robots\" content=\"index, follow, max-snippet:-1, max-image-preview:large, max-video-preview:-1\" \/>\n<link rel=\"canonical\" href=\"https:\/\/abogadaviolenciadegenero.com\/fr\/feminicide-statistiques-causes-et-prevention\/\" \/>\n<meta property=\"og:locale\" content=\"fr_FR\" \/>\n<meta property=\"og:type\" content=\"article\" \/>\n<meta property=\"og:title\" content=\"F\u00e9minicide : statistiques, causes et pr\u00e9vention - Celeste P\u00e9rez - Abogada de violencia de g\u00e9nero\" \/>\n<meta property=\"og:description\" content=\"F\u00e9minicide: d\u00e9finitions, types et pr\u00e9vention. Apprenez \u00e0 identifier les signaux d&#039;alerte de la violence de genre et les actions collectives n\u00e9cessaires pour mettre fin \u00e0 cette crise mondiale.\" \/>\n<meta property=\"og:url\" content=\"https:\/\/abogadaviolenciadegenero.com\/fr\/feminicide-statistiques-causes-et-prevention\/\" \/>\n<meta property=\"og:site_name\" content=\"Celeste P\u00e9rez - Abogada de violencia de g\u00e9nero\" \/>\n<meta property=\"article:published_time\" content=\"2024-09-29T17:29:30+00:00\" \/>\n<meta property=\"article:modified_time\" content=\"2025-12-26T15:32:32+00:00\" \/>\n<meta property=\"og:image\" content=\"https:\/\/abogadaviolenciadegenero.com\/wp-content\/uploads\/2024\/09\/que_es_feminicidio.jpg\" \/>\n\t<meta property=\"og:image:width\" content=\"800\" \/>\n\t<meta property=\"og:image:height\" content=\"533\" \/>\n\t<meta property=\"og:image:type\" content=\"image\/jpeg\" \/>\n<meta name=\"author\" content=\"admin\" \/>\n<meta name=\"twitter:card\" content=\"summary_large_image\" \/>\n<meta name=\"twitter:label1\" content=\"\u00c9crit par\" \/>\n\t<meta name=\"twitter:data1\" content=\"admin\" \/>\n\t<meta name=\"twitter:label2\" content=\"Dur\u00e9e de lecture estim\u00e9e\" \/>\n\t<meta name=\"twitter:data2\" content=\"4 minutes\" \/>\n<script type=\"application\/ld+json\" class=\"yoast-schema-graph\">{\"@context\":\"https:\\\/\\\/schema.org\",\"@graph\":[{\"@type\":\"Article\",\"@id\":\"https:\\\/\\\/abogadaviolenciadegenero.com\\\/fr\\\/feminicide-statistiques-causes-et-prevention\\\/#article\",\"isPartOf\":{\"@id\":\"https:\\\/\\\/abogadaviolenciadegenero.com\\\/fr\\\/feminicide-statistiques-causes-et-prevention\\\/\"},\"author\":{\"name\":\"admin\",\"@id\":\"https:\\\/\\\/abogadaviolenciadegenero.com\\\/fr\\\/#\\\/schema\\\/person\\\/095a2d0be42f1ccaf314a2014864471b\"},\"headline\":\"F\u00e9minicide : statistiques, causes et pr\u00e9vention\",\"datePublished\":\"2024-09-29T17:29:30+00:00\",\"dateModified\":\"2025-12-26T15:32:32+00:00\",\"mainEntityOfPage\":{\"@id\":\"https:\\\/\\\/abogadaviolenciadegenero.com\\\/fr\\\/feminicide-statistiques-causes-et-prevention\\\/\"},\"wordCount\":1079,\"image\":{\"@id\":\"https:\\\/\\\/abogadaviolenciadegenero.com\\\/fr\\\/feminicide-statistiques-causes-et-prevention\\\/#primaryimage\"},\"thumbnailUrl\":\"https:\\\/\\\/abogadaviolenciadegenero.com\\\/wp-content\\\/uploads\\\/2024\\\/09\\\/que_es_feminicidio.jpg\",\"articleSection\":[\"Non classifi\u00e9(e)\"],\"inLanguage\":\"fr-FR\"},{\"@type\":\"WebPage\",\"@id\":\"https:\\\/\\\/abogadaviolenciadegenero.com\\\/fr\\\/feminicide-statistiques-causes-et-prevention\\\/\",\"url\":\"https:\\\/\\\/abogadaviolenciadegenero.com\\\/fr\\\/feminicide-statistiques-causes-et-prevention\\\/\",\"name\":\"F\u00e9minicide : statistiques, causes et pr\u00e9vention - Celeste P\u00e9rez - Abogada de violencia de g\u00e9nero\",\"isPartOf\":{\"@id\":\"https:\\\/\\\/abogadaviolenciadegenero.com\\\/fr\\\/#website\"},\"primaryImageOfPage\":{\"@id\":\"https:\\\/\\\/abogadaviolenciadegenero.com\\\/fr\\\/feminicide-statistiques-causes-et-prevention\\\/#primaryimage\"},\"image\":{\"@id\":\"https:\\\/\\\/abogadaviolenciadegenero.com\\\/fr\\\/feminicide-statistiques-causes-et-prevention\\\/#primaryimage\"},\"thumbnailUrl\":\"https:\\\/\\\/abogadaviolenciadegenero.com\\\/wp-content\\\/uploads\\\/2024\\\/09\\\/que_es_feminicidio.jpg\",\"datePublished\":\"2024-09-29T17:29:30+00:00\",\"dateModified\":\"2025-12-26T15:32:32+00:00\",\"author\":{\"@id\":\"https:\\\/\\\/abogadaviolenciadegenero.com\\\/fr\\\/#\\\/schema\\\/person\\\/095a2d0be42f1ccaf314a2014864471b\"},\"description\":\"F\u00e9minicide: d\u00e9finitions, types et pr\u00e9vention. Apprenez \u00e0 identifier les signaux d'alerte de la violence de genre et les actions collectives n\u00e9cessaires pour mettre fin \u00e0 cette crise mondiale.\",\"breadcrumb\":{\"@id\":\"https:\\\/\\\/abogadaviolenciadegenero.com\\\/fr\\\/feminicide-statistiques-causes-et-prevention\\\/#breadcrumb\"},\"inLanguage\":\"fr-FR\",\"potentialAction\":[{\"@type\":\"ReadAction\",\"target\":[\"https:\\\/\\\/abogadaviolenciadegenero.com\\\/fr\\\/feminicide-statistiques-causes-et-prevention\\\/\"]}]},{\"@type\":\"ImageObject\",\"inLanguage\":\"fr-FR\",\"@id\":\"https:\\\/\\\/abogadaviolenciadegenero.com\\\/fr\\\/feminicide-statistiques-causes-et-prevention\\\/#primaryimage\",\"url\":\"https:\\\/\\\/abogadaviolenciadegenero.com\\\/wp-content\\\/uploads\\\/2024\\\/09\\\/que_es_feminicidio.jpg\",\"contentUrl\":\"https:\\\/\\\/abogadaviolenciadegenero.com\\\/wp-content\\\/uploads\\\/2024\\\/09\\\/que_es_feminicidio.jpg\",\"width\":800,\"height\":533,\"caption\":\"qu\u00e9 es el feminicidio\"},{\"@type\":\"BreadcrumbList\",\"@id\":\"https:\\\/\\\/abogadaviolenciadegenero.com\\\/fr\\\/feminicide-statistiques-causes-et-prevention\\\/#breadcrumb\",\"itemListElement\":[{\"@type\":\"ListItem\",\"position\":1,\"name\":\"Portada\",\"item\":\"https:\\\/\\\/abogadaviolenciadegenero.com\\\/fr\\\/\"},{\"@type\":\"ListItem\",\"position\":2,\"name\":\"F\u00e9minicide : statistiques, causes et pr\u00e9vention\"}]},{\"@type\":\"WebSite\",\"@id\":\"https:\\\/\\\/abogadaviolenciadegenero.com\\\/fr\\\/#website\",\"url\":\"https:\\\/\\\/abogadaviolenciadegenero.com\\\/fr\\\/\",\"name\":\"Celeste P\u00e9rez - Abogada de violencia de g\u00e9nero\",\"description\":\"Defensa jur\u00eddica de la mujer y el hombre en Alicante\",\"potentialAction\":[{\"@type\":\"SearchAction\",\"target\":{\"@type\":\"EntryPoint\",\"urlTemplate\":\"https:\\\/\\\/abogadaviolenciadegenero.com\\\/fr\\\/?s={search_term_string}\"},\"query-input\":{\"@type\":\"PropertyValueSpecification\",\"valueRequired\":true,\"valueName\":\"search_term_string\"}}],\"inLanguage\":\"fr-FR\"},{\"@type\":\"Person\",\"@id\":\"https:\\\/\\\/abogadaviolenciadegenero.com\\\/fr\\\/#\\\/schema\\\/person\\\/095a2d0be42f1ccaf314a2014864471b\",\"name\":\"admin\",\"image\":{\"@type\":\"ImageObject\",\"inLanguage\":\"fr-FR\",\"@id\":\"https:\\\/\\\/secure.gravatar.com\\\/avatar\\\/a01d79838170e720d249918c8bd2a30b50431d2b5474d92b7ebc9c5ac7c6c917?s=96&d=mm&r=g\",\"url\":\"https:\\\/\\\/secure.gravatar.com\\\/avatar\\\/a01d79838170e720d249918c8bd2a30b50431d2b5474d92b7ebc9c5ac7c6c917?s=96&d=mm&r=g\",\"contentUrl\":\"https:\\\/\\\/secure.gravatar.com\\\/avatar\\\/a01d79838170e720d249918c8bd2a30b50431d2b5474d92b7ebc9c5ac7c6c917?s=96&d=mm&r=g\",\"caption\":\"admin\"},\"sameAs\":[\"https:\\\/\\\/abogadaviolenciadegenero.com\"],\"url\":\"https:\\\/\\\/abogadaviolenciadegenero.com\\\/fr\\\/author\\\/david_ewhu82mp\\\/\"}]}<\/script>\n<!-- \/ Yoast SEO plugin. -->","yoast_head_json":{"title":"F\u00e9minicide : statistiques, causes et pr\u00e9vention - Celeste P\u00e9rez - Abogada de violencia de g\u00e9nero","description":"F\u00e9minicide: d\u00e9finitions, types et pr\u00e9vention. Apprenez \u00e0 identifier les signaux d'alerte de la violence de genre et les actions collectives n\u00e9cessaires pour mettre fin \u00e0 cette crise mondiale.","robots":{"index":"index","follow":"follow","max-snippet":"max-snippet:-1","max-image-preview":"max-image-preview:large","max-video-preview":"max-video-preview:-1"},"canonical":"https:\/\/abogadaviolenciadegenero.com\/fr\/feminicide-statistiques-causes-et-prevention\/","og_locale":"fr_FR","og_type":"article","og_title":"F\u00e9minicide : statistiques, causes et pr\u00e9vention - Celeste P\u00e9rez - Abogada de violencia de g\u00e9nero","og_description":"F\u00e9minicide: d\u00e9finitions, types et pr\u00e9vention. Apprenez \u00e0 identifier les signaux d'alerte de la violence de genre et les actions collectives n\u00e9cessaires pour mettre fin \u00e0 cette crise mondiale.","og_url":"https:\/\/abogadaviolenciadegenero.com\/fr\/feminicide-statistiques-causes-et-prevention\/","og_site_name":"Celeste P\u00e9rez - Abogada de violencia de g\u00e9nero","article_published_time":"2024-09-29T17:29:30+00:00","article_modified_time":"2025-12-26T15:32:32+00:00","og_image":[{"width":800,"height":533,"url":"https:\/\/abogadaviolenciadegenero.com\/wp-content\/uploads\/2024\/09\/que_es_feminicidio.jpg","type":"image\/jpeg"}],"author":"admin","twitter_card":"summary_large_image","twitter_misc":{"\u00c9crit par":"admin","Dur\u00e9e de lecture estim\u00e9e":"4 minutes"},"schema":{"@context":"https:\/\/schema.org","@graph":[{"@type":"Article","@id":"https:\/\/abogadaviolenciadegenero.com\/fr\/feminicide-statistiques-causes-et-prevention\/#article","isPartOf":{"@id":"https:\/\/abogadaviolenciadegenero.com\/fr\/feminicide-statistiques-causes-et-prevention\/"},"author":{"name":"admin","@id":"https:\/\/abogadaviolenciadegenero.com\/fr\/#\/schema\/person\/095a2d0be42f1ccaf314a2014864471b"},"headline":"F\u00e9minicide : statistiques, causes et pr\u00e9vention","datePublished":"2024-09-29T17:29:30+00:00","dateModified":"2025-12-26T15:32:32+00:00","mainEntityOfPage":{"@id":"https:\/\/abogadaviolenciadegenero.com\/fr\/feminicide-statistiques-causes-et-prevention\/"},"wordCount":1079,"image":{"@id":"https:\/\/abogadaviolenciadegenero.com\/fr\/feminicide-statistiques-causes-et-prevention\/#primaryimage"},"thumbnailUrl":"https:\/\/abogadaviolenciadegenero.com\/wp-content\/uploads\/2024\/09\/que_es_feminicidio.jpg","articleSection":["Non classifi\u00e9(e)"],"inLanguage":"fr-FR"},{"@type":"WebPage","@id":"https:\/\/abogadaviolenciadegenero.com\/fr\/feminicide-statistiques-causes-et-prevention\/","url":"https:\/\/abogadaviolenciadegenero.com\/fr\/feminicide-statistiques-causes-et-prevention\/","name":"F\u00e9minicide : statistiques, causes et pr\u00e9vention - Celeste P\u00e9rez - Abogada de violencia de g\u00e9nero","isPartOf":{"@id":"https:\/\/abogadaviolenciadegenero.com\/fr\/#website"},"primaryImageOfPage":{"@id":"https:\/\/abogadaviolenciadegenero.com\/fr\/feminicide-statistiques-causes-et-prevention\/#primaryimage"},"image":{"@id":"https:\/\/abogadaviolenciadegenero.com\/fr\/feminicide-statistiques-causes-et-prevention\/#primaryimage"},"thumbnailUrl":"https:\/\/abogadaviolenciadegenero.com\/wp-content\/uploads\/2024\/09\/que_es_feminicidio.jpg","datePublished":"2024-09-29T17:29:30+00:00","dateModified":"2025-12-26T15:32:32+00:00","author":{"@id":"https:\/\/abogadaviolenciadegenero.com\/fr\/#\/schema\/person\/095a2d0be42f1ccaf314a2014864471b"},"description":"F\u00e9minicide: d\u00e9finitions, types et pr\u00e9vention. Apprenez \u00e0 identifier les signaux d'alerte de la violence de genre et les actions collectives n\u00e9cessaires pour mettre fin \u00e0 cette crise mondiale.","breadcrumb":{"@id":"https:\/\/abogadaviolenciadegenero.com\/fr\/feminicide-statistiques-causes-et-prevention\/#breadcrumb"},"inLanguage":"fr-FR","potentialAction":[{"@type":"ReadAction","target":["https:\/\/abogadaviolenciadegenero.com\/fr\/feminicide-statistiques-causes-et-prevention\/"]}]},{"@type":"ImageObject","inLanguage":"fr-FR","@id":"https:\/\/abogadaviolenciadegenero.com\/fr\/feminicide-statistiques-causes-et-prevention\/#primaryimage","url":"https:\/\/abogadaviolenciadegenero.com\/wp-content\/uploads\/2024\/09\/que_es_feminicidio.jpg","contentUrl":"https:\/\/abogadaviolenciadegenero.com\/wp-content\/uploads\/2024\/09\/que_es_feminicidio.jpg","width":800,"height":533,"caption":"qu\u00e9 es el feminicidio"},{"@type":"BreadcrumbList","@id":"https:\/\/abogadaviolenciadegenero.com\/fr\/feminicide-statistiques-causes-et-prevention\/#breadcrumb","itemListElement":[{"@type":"ListItem","position":1,"name":"Portada","item":"https:\/\/abogadaviolenciadegenero.com\/fr\/"},{"@type":"ListItem","position":2,"name":"F\u00e9minicide : statistiques, causes et pr\u00e9vention"}]},{"@type":"WebSite","@id":"https:\/\/abogadaviolenciadegenero.com\/fr\/#website","url":"https:\/\/abogadaviolenciadegenero.com\/fr\/","name":"Celeste P\u00e9rez - Abogada de violencia de g\u00e9nero","description":"Defensa jur\u00eddica de la mujer y el hombre en Alicante","potentialAction":[{"@type":"SearchAction","target":{"@type":"EntryPoint","urlTemplate":"https:\/\/abogadaviolenciadegenero.com\/fr\/?s={search_term_string}"},"query-input":{"@type":"PropertyValueSpecification","valueRequired":true,"valueName":"search_term_string"}}],"inLanguage":"fr-FR"},{"@type":"Person","@id":"https:\/\/abogadaviolenciadegenero.com\/fr\/#\/schema\/person\/095a2d0be42f1ccaf314a2014864471b","name":"admin","image":{"@type":"ImageObject","inLanguage":"fr-FR","@id":"https:\/\/secure.gravatar.com\/avatar\/a01d79838170e720d249918c8bd2a30b50431d2b5474d92b7ebc9c5ac7c6c917?s=96&d=mm&r=g","url":"https:\/\/secure.gravatar.com\/avatar\/a01d79838170e720d249918c8bd2a30b50431d2b5474d92b7ebc9c5ac7c6c917?s=96&d=mm&r=g","contentUrl":"https:\/\/secure.gravatar.com\/avatar\/a01d79838170e720d249918c8bd2a30b50431d2b5474d92b7ebc9c5ac7c6c917?s=96&d=mm&r=g","caption":"admin"},"sameAs":["https:\/\/abogadaviolenciadegenero.com"],"url":"https:\/\/abogadaviolenciadegenero.com\/fr\/author\/david_ewhu82mp\/"}]}},"_links":{"self":[{"href":"https:\/\/abogadaviolenciadegenero.com\/fr\/wp-json\/wp\/v2\/posts\/1801","targetHints":{"allow":["GET"]}}],"collection":[{"href":"https:\/\/abogadaviolenciadegenero.com\/fr\/wp-json\/wp\/v2\/posts"}],"about":[{"href":"https:\/\/abogadaviolenciadegenero.com\/fr\/wp-json\/wp\/v2\/types\/post"}],"author":[{"embeddable":true,"href":"https:\/\/abogadaviolenciadegenero.com\/fr\/wp-json\/wp\/v2\/users\/1"}],"replies":[{"embeddable":true,"href":"https:\/\/abogadaviolenciadegenero.com\/fr\/wp-json\/wp\/v2\/comments?post=1801"}],"version-history":[{"count":0,"href":"https:\/\/abogadaviolenciadegenero.com\/fr\/wp-json\/wp\/v2\/posts\/1801\/revisions"}],"wp:featuredmedia":[{"embeddable":true,"href":"https:\/\/abogadaviolenciadegenero.com\/fr\/wp-json\/wp\/v2\/media\/1484"}],"wp:attachment":[{"href":"https:\/\/abogadaviolenciadegenero.com\/fr\/wp-json\/wp\/v2\/media?parent=1801"}],"wp:term":[{"taxonomy":"category","embeddable":true,"href":"https:\/\/abogadaviolenciadegenero.com\/fr\/wp-json\/wp\/v2\/categories?post=1801"},{"taxonomy":"post_tag","embeddable":true,"href":"https:\/\/abogadaviolenciadegenero.com\/fr\/wp-json\/wp\/v2\/tags?post=1801"}],"curies":[{"name":"wp","href":"https:\/\/api.w.org\/{rel}","templated":true}]}}