{"id":1812,"date":"2024-09-22T18:51:52","date_gmt":"2024-09-22T16:51:52","guid":{"rendered":"https:\/\/abogadaviolenciadegenero.com\/que-hacer-si-la-denuncia-por-violencia-de-genero-es-retirada-o-archivada\/"},"modified":"2025-12-26T16:42:05","modified_gmt":"2025-12-26T15:42:05","slug":"que-faire-si-une-plainte-pour-violence-de-genre-est-retiree-ou-classee-sans-suite","status":"publish","type":"post","link":"https:\/\/abogadaviolenciadegenero.com\/fr\/que-faire-si-une-plainte-pour-violence-de-genre-est-retiree-ou-classee-sans-suite\/","title":{"rendered":"Que faire si une plainte pour violence de genre est retir\u00e9e ou class\u00e9e sans suite"},"content":{"rendered":"<section  class='av_textblock_section av-m1dt8b8m-a842ad0165751696f1c3defbc2287a3a '   itemscope=\"itemscope\" itemtype=\"https:\/\/schema.org\/BlogPosting\" itemprop=\"blogPost\" ><div class='avia_textblock'  itemprop=\"text\" ><h1>Que faire si une plainte pour violence de genre est retir\u00e9e ou class\u00e9e sans suite ?<\/h1>\n<p><img loading=\"lazy\" decoding=\"async\" class=\"alignnone size-full wp-image-1416\" src=\"https:\/\/abogadaviolenciadegenero.com\/wp-content\/uploads\/2024\/09\/que-hacer-si-la-denuncia-violencia-genero-archivada.jpg\" alt=\"Qu\u00e9 hacer si la denuncia por violencia de g\u00e9nero es retirada o archivada \" width=\"800\" height=\"571\" srcset=\"https:\/\/abogadaviolenciadegenero.com\/wp-content\/uploads\/2024\/09\/que-hacer-si-la-denuncia-violencia-genero-archivada.jpg 800w, https:\/\/abogadaviolenciadegenero.com\/wp-content\/uploads\/2024\/09\/que-hacer-si-la-denuncia-violencia-genero-archivada-300x214.jpg 300w, https:\/\/abogadaviolenciadegenero.com\/wp-content\/uploads\/2024\/09\/que-hacer-si-la-denuncia-violencia-genero-archivada-768x548.jpg 768w, https:\/\/abogadaviolenciadegenero.com\/wp-content\/uploads\/2024\/09\/que-hacer-si-la-denuncia-violencia-genero-archivada-260x185.jpg 260w, https:\/\/abogadaviolenciadegenero.com\/wp-content\/uploads\/2024\/09\/que-hacer-si-la-denuncia-violencia-genero-archivada-705x503.jpg 705w\" sizes=\"auto, (max-width: 800px) 100vw, 800px\" \/><\/p>\n<p data-path-to-node=\"3\">Vous vous trouvez dans une situation difficile : <b data-path-to-node=\"3\" data-index-in-node=\"49\">vous avez d\u00e9nonc\u00e9 votre agresseur pour violence de genre, mais la proc\u00e9dure judiciaire a pris une tournure inattendue.<\/b> Peut-\u00eatre le juge a-t-il d\u00e9cid\u00e9 de classer votre plainte sans suite par manque de preuves, ou peut-\u00eatre, pour diverses raisons, avez-vous choisi de la retirer vous-m\u00eame. C&rsquo;est une situation d\u00e9licate qui g\u00e9n\u00e8re souvent peur, confusion et de nombreuses questions. Quelles sont les implications d&rsquo;un retrait ou d&rsquo;un classement sans suite ? Cela signifie-t-il qu&rsquo;il n&rsquo;y a plus rien \u00e0 faire ? Quelles sont vos options pour vous prot\u00e9ger et poursuivre le processus ?<\/p>\n<p data-path-to-node=\"4\">La premi\u00e8re chose \u00e0 savoir est que <b data-path-to-node=\"4\" data-index-in-node=\"35\">le retrait ou le classement d&rsquo;une plainte pour violence de genre ne met pas fin \u00e0 la protection que le syst\u00e8me judiciaire peut vous offrir.<\/b> Il existe des voies que vous pouvez explorer pour continuer \u00e0 lutter pour votre s\u00e9curit\u00e9 et pour la justice, m\u00eame si les circonstances semblent d\u00e9courageantes.<\/p>\n<p data-path-to-node=\"5\">Cet article est con\u00e7u pour vous guider \u00e0 travers les \u00e9tapes \u00e0 suivre dans l&rsquo;une ou l&rsquo;autre de ces deux situations : si vous d\u00e9cidez de <b data-path-to-node=\"5\" data-index-in-node=\"135\">retirer la plainte<\/b> ou si le juge l&rsquo;a <b data-path-to-node=\"5\" data-index-in-node=\"172\">class\u00e9e sans suite par manque de preuves<\/b>. Comprendre les cons\u00e9quences de chaque sc\u00e9nario est essentiel pour prendre des d\u00e9cisions \u00e9clair\u00e9es avec le soutien appropri\u00e9.<\/p>\n<h2 data-path-to-node=\"6\">Que signifie le retrait ou le classement d&rsquo;une plainte ?<\/h2>\n<p data-path-to-node=\"7\">Lorsque vous d\u00e9posez une plainte pour <b data-path-to-node=\"7\" data-index-in-node=\"38\">violence de genre<\/b>, des questions surgissent sur la signification et les implications de chaque terme. S\u2019agit-il de la m\u00eame chose ? Quels effets chaque situation a-t-elle sur le processus judiciaire et sur la protection de la victime ? Voici une analyse de ces deux concepts.<\/p>\n<h3 data-path-to-node=\"8\">Plainte class\u00e9e sans suite (archiv\u00e9e) pour violence de genre<\/h3>\n<p data-path-to-node=\"9\">Le classement sans suite survient lorsque le juge ou le procureur d\u00e9cide qu&rsquo;il n&rsquo;y a pas assez de preuves pour poursuivre la proc\u00e9dure p\u00e9nale. Cela signifie que, bien que l&rsquo;affaire ait \u00e9t\u00e9 formellement pr\u00e9sent\u00e9e, on consid\u00e8re qu&rsquo;il n&rsquo;y a pas d&rsquo;\u00e9l\u00e9ments suffisants pour prouver qu&rsquo;un d\u00e9lit de violence de genre a eu lieu ou que les faits d\u00e9nonc\u00e9s ne peuvent \u00eatre soutenus juridiquement. <b data-path-to-node=\"9\" data-index-in-node=\"386\">Mais cela ne signifie pas que l&rsquo;affaire est ferm\u00e9e pour toujours.<\/b><\/p>\n<p data-path-to-node=\"10\">Une plainte class\u00e9e peut \u00eatre rouverte si de <b data-path-to-node=\"10\" data-index-in-node=\"45\">nouvelles preuves<\/b> ou de nouveaux t\u00e9moignages viennent renforcer la version des faits. Les raisons les plus courantes d&rsquo;un classement sont :<\/p>\n<ul data-path-to-node=\"11\">\n<li>\n<p data-path-to-node=\"11,0,0\"><b data-path-to-node=\"11,0,0\" data-index-in-node=\"0\">Manque de preuves concluantes :<\/b> Absence de rapports m\u00e9dicaux, de t\u00e9moins ou de messages prouvant les abus.<\/p>\n<\/li>\n<li>\n<p data-path-to-node=\"11,1,0\"><b data-path-to-node=\"11,1,0\" data-index-in-node=\"0\">Incoh\u00e9rences dans la d\u00e9claration :<\/b> Contradictions entre les versions ou les t\u00e9moignages.<\/p>\n<\/li>\n<li>\n<p data-path-to-node=\"11,2,0\"><b data-path-to-node=\"11,2,0\" data-index-in-node=\"0\">Retrait de l&rsquo;accusation par le procureur :<\/b> Si le procureur estime que les indices sont insuffisants.<\/p>\n<\/li>\n<\/ul>\n<p data-path-to-node=\"12\">Le classement n&rsquo;implique pas n\u00e9cessairement l&rsquo;innocence de l&rsquo;accus\u00e9, mais simplement qu&rsquo;\u00e0 ce moment pr\u00e9cis, les preuves manquent pour continuer.<\/p>\n<h3 data-path-to-node=\"13\">Plainte retir\u00e9e pour maltraitance<\/h3>\n<p data-path-to-node=\"14\">\u00c0 l&rsquo;inverse, le <b data-path-to-node=\"14\" data-index-in-node=\"16\">retrait d&rsquo;une plainte<\/b> est une action volontaire de la victime. C&rsquo;est vous qui d\u00e9cidez de retirer la d\u00e9nonciation. Cependant, en Espagne, le retrait de la plainte ne garantit pas l&rsquo;arr\u00eat de la proc\u00e9dure. La violence de genre \u00e9tant un d\u00e9lit public, l&rsquo;\u00c9tat a l&rsquo;obligation d&rsquo;intervenir. Si le procureur estime qu&rsquo;il y a assez de preuves, <b data-path-to-node=\"14\" data-index-in-node=\"350\">la proc\u00e9dure judiciaire peut suivre son cours<\/b> m\u00eame sans la participation active de la victime.<\/p>\n<hr data-path-to-node=\"15\" \/>\n<h2 data-path-to-node=\"16\">Que faire si la plainte a \u00e9t\u00e9 class\u00e9e sans suite ?<\/h2>\n<ol start=\"1\" data-path-to-node=\"17\">\n<li>\n<p data-path-to-node=\"17,0,0\"><b data-path-to-node=\"17,0,0\" data-index-in-node=\"0\">Analysez les raisons du classement :<\/b> Le juge fournit une explication \u00e9crite. Il est crucial de la r\u00e9viser avec un <b data-path-to-node=\"17,0,0\" data-index-in-node=\"114\">avocat sp\u00e9cialis\u00e9 en violence de genre<\/b> pour comprendre les marges de man\u0153uvre.<\/p>\n<\/li>\n<li>\n<p data-path-to-node=\"17,1,0\"><b data-path-to-node=\"17,1,0\" data-index-in-node=\"0\">Rassemblez plus de preuves :<\/b> Continuez \u00e0 collecter des messages (WhatsApp, emails), des t\u00e9moignages de proches, des rapports m\u00e9dicaux ou psychologiques, et tenez un journal des incidents.<\/p>\n<\/li>\n<li>\n<p data-path-to-node=\"17,2,0\"><b data-path-to-node=\"17,2,0\" data-index-in-node=\"0\">Demandez la r\u00e9ouverture de l&rsquo;affaire :<\/b> Avec de nouveaux \u00e9l\u00e9ments, votre avocat peut demander au juge de relancer l&rsquo;enqu\u00eate.<\/p>\n<\/li>\n<li>\n<p data-path-to-node=\"17,3,0\"><b data-path-to-node=\"17,3,0\" data-index-in-node=\"0\">Maintenez les mesures de protection :<\/b> Si vous aviez une ordonnance d&rsquo;\u00e9loignement, celle-ci ne dispara\u00eet pas automatiquement. Vous pouvez demander son maintien ou son renforcement si le risque persiste.<\/p>\n<\/li>\n<li>\n<p data-path-to-node=\"17,4,0\"><b data-path-to-node=\"17,4,0\" data-index-in-node=\"0\">Appuyez-vous sur des associations :<\/b> Des organisations comme l&rsquo;<i data-path-to-node=\"17,4,0\" data-index-in-node=\"62\">Instituto de la Mujer<\/i> ou des fondations sp\u00e9cialis\u00e9es offrent un soutien psychologique et juridique gratuit.<\/p>\n<\/li>\n<\/ol>\n<hr data-path-to-node=\"18\" \/>\n<h2 data-path-to-node=\"19\">Que faire si vous d\u00e9cidez de retirer la plainte ?<\/h2>\n<p data-path-to-node=\"20\">Prendre la d\u00e9cision de <b data-path-to-node=\"20\" data-index-in-node=\"23\">retirer une plainte<\/b> est extr\u00eamement difficile et souvent influenc\u00e9 par la peur ou la pression. Voici les \u00e9tapes \u00e0 consid\u00e9rer :<\/p>\n<ol start=\"1\" data-path-to-node=\"21\">\n<li>\n<p data-path-to-node=\"21,0,0\"><b data-path-to-node=\"21,0,0\" data-index-in-node=\"0\">R\u00e9fl\u00e9chissez profond\u00e9ment :<\/b> Assurez-vous que cette d\u00e9cision n&rsquo;est pas dict\u00e9e par les menaces ou les fausses promesses de changement de l&rsquo;agresseur.<\/p>\n<\/li>\n<li>\n<p data-path-to-node=\"21,1,0\"><b data-path-to-node=\"21,1,0\" data-index-in-node=\"0\">Consultez un avocat sp\u00e9cialis\u00e9 :<\/b> Avant d&rsquo;agir, comprenez les implications l\u00e9gales. Ma\u00eetre <b data-path-to-node=\"21,1,0\" data-index-in-node=\"90\">Celeste P\u00e9rez Bleda<\/b>peut vous conseiller sur les mesures alternatives pour garantir votre s\u00e9curit\u00e9.<\/p>\n<\/li>\n<li>\n<p data-path-to-node=\"21,2,0\"><b data-path-to-node=\"21,2,0\" data-index-in-node=\"0\">\u00c9valuez les cons\u00e9quences :<\/b><\/p>\n<ul data-path-to-node=\"21,2,1\">\n<li>\n<p data-path-to-node=\"21,2,1,0,0\"><b data-path-to-node=\"21,2,1,0,0\" data-index-in-node=\"0\">Perte des mesures de protection :<\/b> L&rsquo;ordonnance d&rsquo;\u00e9loignement peut \u00eatre annul\u00e9e.<\/p>\n<\/li>\n<li>\n<p data-path-to-node=\"21,2,1,1,0\"><b data-path-to-node=\"21,2,1,1,0\" data-index-in-node=\"0\">Poursuite par le Parquet :<\/b> Le procureur peut d\u00e9cider de continuer l&rsquo;affaire malgr\u00e9 votre retrait.<\/p>\n<\/li>\n<li>\n<p data-path-to-node=\"21,2,1,2,0\"><b data-path-to-node=\"21,2,1,2,0\" data-index-in-node=\"0\">Escalade de la violence :<\/b> L&rsquo;agresseur peut se sentir \u00ab\u00a0lib\u00e9r\u00e9\u00a0\u00bb et la violence peut s&rsquo;intensifier.<\/p>\n<\/li>\n<\/ul>\n<\/li>\n<li>\n<p data-path-to-node=\"21,3,0\"><b data-path-to-node=\"21,3,0\" data-index-in-node=\"0\">Recherchez un soutien psychologique :<\/b> Pour traiter la culpabilit\u00e9, la confusion et briser le cycle de d\u00e9pendance \u00e9motionnelle.<\/p>\n<\/li>\n<\/ol>\n<hr data-path-to-node=\"22\" \/>\n<h2 data-path-to-node=\"23\">FAQs<\/h2>\n<p data-path-to-node=\"24\"><b data-path-to-node=\"24\" data-index-in-node=\"0\">1. Puis-je rouvrir une plainte class\u00e9e pour violence de genre ?<\/b> Oui, si de nouvelles preuves d\u00e9montrant le d\u00e9lit apparaissent.<\/p>\n<p data-path-to-node=\"25\"><b data-path-to-node=\"25\" data-index-in-node=\"0\">2. Que se passe-t-il si je retire ma plainte ?<\/b> Le minist\u00e8re public (le procureur) peut d\u00e9cider de poursuivre l&rsquo;affaire s&rsquo;il estime que l&rsquo;int\u00e9r\u00eat public et les preuves le justifient.<\/p>\n<p data-path-to-node=\"26\"><b data-path-to-node=\"26\" data-index-in-node=\"0\">3. Vais-je perdre mes mesures de protection ?<\/b> C&rsquo;est un risque r\u00e9el. Cependant, un avocat peut demander des mesures conservatoires alternatives si le danger demeure.<\/p>\n<p data-path-to-node=\"27\"><b data-path-to-node=\"27\" data-index-in-node=\"0\">4. Est-il recommand\u00e9 de retirer une plainte pour maltraitance ?<\/b> D&rsquo;un point de vue juridique et de s\u00e9curit\u00e9, ce n&rsquo;est pas recommand\u00e9 sans une analyse pr\u00e9alable approfondie et un plan de s\u00e9curit\u00e9 \u00e9tabli avec des professionnels.<\/p>\n<\/div><\/section>\n","protected":false},"excerpt":{"rendered":"","protected":false},"author":1,"featured_media":1418,"comment_status":"closed","ping_status":"closed","sticky":false,"template":"","format":"standard","meta":{"footnotes":""},"categories":[16],"tags":[],"class_list":["post-1812","post","type-post","status-publish","format-standard","has-post-thumbnail","hentry","category-non-classifiee"],"yoast_head":"<!-- This site is optimized with the Yoast SEO plugin v27.5 - https:\/\/yoast.com\/product\/yoast-seo-wordpress\/ -->\n<title>Que faire si une plainte pour violence de genre est retir\u00e9e ou class\u00e9e sans suite - Celeste P\u00e9rez - Abogada de violencia de g\u00e9nero<\/title>\n<meta name=\"description\" content=\"Plainte pour violence de genre class\u00e9e sans suite : que faire ? Apprenez \u00e0 r\u00e9unir de nouvelles preuves et \u00e0 solliciter la r\u00e9ouverture de votre dossier avec une d\u00e9fense juridique sp\u00e9cialis\u00e9e.\" \/>\n<meta name=\"robots\" content=\"index, follow, max-snippet:-1, max-image-preview:large, max-video-preview:-1\" \/>\n<link rel=\"canonical\" href=\"https:\/\/abogadaviolenciadegenero.com\/fr\/que-faire-si-une-plainte-pour-violence-de-genre-est-retiree-ou-classee-sans-suite\/\" \/>\n<meta property=\"og:locale\" content=\"fr_FR\" \/>\n<meta property=\"og:type\" content=\"article\" \/>\n<meta property=\"og:title\" content=\"Que faire si une plainte pour violence de genre est retir\u00e9e ou class\u00e9e sans suite - Celeste P\u00e9rez - Abogada de violencia de g\u00e9nero\" \/>\n<meta property=\"og:description\" content=\"Plainte pour violence de genre class\u00e9e sans suite : que faire ? Apprenez \u00e0 r\u00e9unir de nouvelles preuves et \u00e0 solliciter la r\u00e9ouverture de votre dossier avec une d\u00e9fense juridique sp\u00e9cialis\u00e9e.\" \/>\n<meta property=\"og:url\" content=\"https:\/\/abogadaviolenciadegenero.com\/fr\/que-faire-si-une-plainte-pour-violence-de-genre-est-retiree-ou-classee-sans-suite\/\" \/>\n<meta property=\"og:site_name\" content=\"Celeste P\u00e9rez - Abogada de violencia de g\u00e9nero\" \/>\n<meta property=\"article:published_time\" content=\"2024-09-22T16:51:52+00:00\" \/>\n<meta property=\"article:modified_time\" content=\"2025-12-26T15:42:05+00:00\" \/>\n<meta property=\"og:image\" content=\"https:\/\/abogadaviolenciadegenero.com\/wp-content\/uploads\/2024\/09\/que-hacer-si-la-denuncia-violencia-genero-archivada.jpg\" \/>\n\t<meta property=\"og:image:width\" content=\"800\" \/>\n\t<meta property=\"og:image:height\" content=\"571\" \/>\n\t<meta property=\"og:image:type\" content=\"image\/jpeg\" \/>\n<meta name=\"author\" content=\"admin\" \/>\n<meta name=\"twitter:card\" content=\"summary_large_image\" \/>\n<meta name=\"twitter:label1\" content=\"\u00c9crit par\" \/>\n\t<meta name=\"twitter:data1\" content=\"admin\" \/>\n\t<meta name=\"twitter:label2\" content=\"Dur\u00e9e de lecture estim\u00e9e\" \/>\n\t<meta name=\"twitter:data2\" content=\"5 minutes\" \/>\n<script type=\"application\/ld+json\" class=\"yoast-schema-graph\">{\"@context\":\"https:\\\/\\\/schema.org\",\"@graph\":[{\"@type\":\"Article\",\"@id\":\"https:\\\/\\\/abogadaviolenciadegenero.com\\\/fr\\\/que-faire-si-une-plainte-pour-violence-de-genre-est-retiree-ou-classee-sans-suite\\\/#article\",\"isPartOf\":{\"@id\":\"https:\\\/\\\/abogadaviolenciadegenero.com\\\/fr\\\/que-faire-si-une-plainte-pour-violence-de-genre-est-retiree-ou-classee-sans-suite\\\/\"},\"author\":{\"name\":\"admin\",\"@id\":\"https:\\\/\\\/abogadaviolenciadegenero.com\\\/fr\\\/#\\\/schema\\\/person\\\/095a2d0be42f1ccaf314a2014864471b\"},\"headline\":\"Que faire si une plainte pour violence de genre est retir\u00e9e ou class\u00e9e sans suite\",\"datePublished\":\"2024-09-22T16:51:52+00:00\",\"dateModified\":\"2025-12-26T15:42:05+00:00\",\"mainEntityOfPage\":{\"@id\":\"https:\\\/\\\/abogadaviolenciadegenero.com\\\/fr\\\/que-faire-si-une-plainte-pour-violence-de-genre-est-retiree-ou-classee-sans-suite\\\/\"},\"wordCount\":1188,\"image\":{\"@id\":\"https:\\\/\\\/abogadaviolenciadegenero.com\\\/fr\\\/que-faire-si-une-plainte-pour-violence-de-genre-est-retiree-ou-classee-sans-suite\\\/#primaryimage\"},\"thumbnailUrl\":\"https:\\\/\\\/abogadaviolenciadegenero.com\\\/wp-content\\\/uploads\\\/2024\\\/09\\\/que-hacer-si-la-denuncia-violencia-genero-archivada.jpg\",\"articleSection\":[\"Non classifi\u00e9(e)\"],\"inLanguage\":\"fr-FR\"},{\"@type\":\"WebPage\",\"@id\":\"https:\\\/\\\/abogadaviolenciadegenero.com\\\/fr\\\/que-faire-si-une-plainte-pour-violence-de-genre-est-retiree-ou-classee-sans-suite\\\/\",\"url\":\"https:\\\/\\\/abogadaviolenciadegenero.com\\\/fr\\\/que-faire-si-une-plainte-pour-violence-de-genre-est-retiree-ou-classee-sans-suite\\\/\",\"name\":\"Que faire si une plainte pour violence de genre est retir\u00e9e ou class\u00e9e sans suite - Celeste P\u00e9rez - Abogada de violencia de g\u00e9nero\",\"isPartOf\":{\"@id\":\"https:\\\/\\\/abogadaviolenciadegenero.com\\\/fr\\\/#website\"},\"primaryImageOfPage\":{\"@id\":\"https:\\\/\\\/abogadaviolenciadegenero.com\\\/fr\\\/que-faire-si-une-plainte-pour-violence-de-genre-est-retiree-ou-classee-sans-suite\\\/#primaryimage\"},\"image\":{\"@id\":\"https:\\\/\\\/abogadaviolenciadegenero.com\\\/fr\\\/que-faire-si-une-plainte-pour-violence-de-genre-est-retiree-ou-classee-sans-suite\\\/#primaryimage\"},\"thumbnailUrl\":\"https:\\\/\\\/abogadaviolenciadegenero.com\\\/wp-content\\\/uploads\\\/2024\\\/09\\\/que-hacer-si-la-denuncia-violencia-genero-archivada.jpg\",\"datePublished\":\"2024-09-22T16:51:52+00:00\",\"dateModified\":\"2025-12-26T15:42:05+00:00\",\"author\":{\"@id\":\"https:\\\/\\\/abogadaviolenciadegenero.com\\\/fr\\\/#\\\/schema\\\/person\\\/095a2d0be42f1ccaf314a2014864471b\"},\"description\":\"Plainte pour violence de genre class\u00e9e sans suite : que faire ? Apprenez \u00e0 r\u00e9unir de nouvelles preuves et \u00e0 solliciter la r\u00e9ouverture de votre dossier avec une d\u00e9fense juridique sp\u00e9cialis\u00e9e.\",\"breadcrumb\":{\"@id\":\"https:\\\/\\\/abogadaviolenciadegenero.com\\\/fr\\\/que-faire-si-une-plainte-pour-violence-de-genre-est-retiree-ou-classee-sans-suite\\\/#breadcrumb\"},\"inLanguage\":\"fr-FR\",\"potentialAction\":[{\"@type\":\"ReadAction\",\"target\":[\"https:\\\/\\\/abogadaviolenciadegenero.com\\\/fr\\\/que-faire-si-une-plainte-pour-violence-de-genre-est-retiree-ou-classee-sans-suite\\\/\"]}]},{\"@type\":\"ImageObject\",\"inLanguage\":\"fr-FR\",\"@id\":\"https:\\\/\\\/abogadaviolenciadegenero.com\\\/fr\\\/que-faire-si-une-plainte-pour-violence-de-genre-est-retiree-ou-classee-sans-suite\\\/#primaryimage\",\"url\":\"https:\\\/\\\/abogadaviolenciadegenero.com\\\/wp-content\\\/uploads\\\/2024\\\/09\\\/que-hacer-si-la-denuncia-violencia-genero-archivada.jpg\",\"contentUrl\":\"https:\\\/\\\/abogadaviolenciadegenero.com\\\/wp-content\\\/uploads\\\/2024\\\/09\\\/que-hacer-si-la-denuncia-violencia-genero-archivada.jpg\",\"width\":800,\"height\":571,\"caption\":\"Qu\u00e9 hacer si la denuncia por violencia de g\u00e9nero es retirada o archivada\"},{\"@type\":\"BreadcrumbList\",\"@id\":\"https:\\\/\\\/abogadaviolenciadegenero.com\\\/fr\\\/que-faire-si-une-plainte-pour-violence-de-genre-est-retiree-ou-classee-sans-suite\\\/#breadcrumb\",\"itemListElement\":[{\"@type\":\"ListItem\",\"position\":1,\"name\":\"Portada\",\"item\":\"https:\\\/\\\/abogadaviolenciadegenero.com\\\/fr\\\/\"},{\"@type\":\"ListItem\",\"position\":2,\"name\":\"Que faire si une plainte pour violence de genre est retir\u00e9e ou class\u00e9e sans suite\"}]},{\"@type\":\"WebSite\",\"@id\":\"https:\\\/\\\/abogadaviolenciadegenero.com\\\/fr\\\/#website\",\"url\":\"https:\\\/\\\/abogadaviolenciadegenero.com\\\/fr\\\/\",\"name\":\"Celeste P\u00e9rez - Abogada de violencia de g\u00e9nero\",\"description\":\"Defensa jur\u00eddica de la mujer y el hombre en Alicante\",\"potentialAction\":[{\"@type\":\"SearchAction\",\"target\":{\"@type\":\"EntryPoint\",\"urlTemplate\":\"https:\\\/\\\/abogadaviolenciadegenero.com\\\/fr\\\/?s={search_term_string}\"},\"query-input\":{\"@type\":\"PropertyValueSpecification\",\"valueRequired\":true,\"valueName\":\"search_term_string\"}}],\"inLanguage\":\"fr-FR\"},{\"@type\":\"Person\",\"@id\":\"https:\\\/\\\/abogadaviolenciadegenero.com\\\/fr\\\/#\\\/schema\\\/person\\\/095a2d0be42f1ccaf314a2014864471b\",\"name\":\"admin\",\"image\":{\"@type\":\"ImageObject\",\"inLanguage\":\"fr-FR\",\"@id\":\"https:\\\/\\\/secure.gravatar.com\\\/avatar\\\/a01d79838170e720d249918c8bd2a30b50431d2b5474d92b7ebc9c5ac7c6c917?s=96&d=mm&r=g\",\"url\":\"https:\\\/\\\/secure.gravatar.com\\\/avatar\\\/a01d79838170e720d249918c8bd2a30b50431d2b5474d92b7ebc9c5ac7c6c917?s=96&d=mm&r=g\",\"contentUrl\":\"https:\\\/\\\/secure.gravatar.com\\\/avatar\\\/a01d79838170e720d249918c8bd2a30b50431d2b5474d92b7ebc9c5ac7c6c917?s=96&d=mm&r=g\",\"caption\":\"admin\"},\"sameAs\":[\"https:\\\/\\\/abogadaviolenciadegenero.com\"],\"url\":\"https:\\\/\\\/abogadaviolenciadegenero.com\\\/fr\\\/author\\\/david_ewhu82mp\\\/\"}]}<\/script>\n<!-- \/ Yoast SEO plugin. -->","yoast_head_json":{"title":"Que faire si une plainte pour violence de genre est retir\u00e9e ou class\u00e9e sans suite - Celeste P\u00e9rez - Abogada de violencia de g\u00e9nero","description":"Plainte pour violence de genre class\u00e9e sans suite : que faire ? Apprenez \u00e0 r\u00e9unir de nouvelles preuves et \u00e0 solliciter la r\u00e9ouverture de votre dossier avec une d\u00e9fense juridique sp\u00e9cialis\u00e9e.","robots":{"index":"index","follow":"follow","max-snippet":"max-snippet:-1","max-image-preview":"max-image-preview:large","max-video-preview":"max-video-preview:-1"},"canonical":"https:\/\/abogadaviolenciadegenero.com\/fr\/que-faire-si-une-plainte-pour-violence-de-genre-est-retiree-ou-classee-sans-suite\/","og_locale":"fr_FR","og_type":"article","og_title":"Que faire si une plainte pour violence de genre est retir\u00e9e ou class\u00e9e sans suite - Celeste P\u00e9rez - Abogada de violencia de g\u00e9nero","og_description":"Plainte pour violence de genre class\u00e9e sans suite : que faire ? Apprenez \u00e0 r\u00e9unir de nouvelles preuves et \u00e0 solliciter la r\u00e9ouverture de votre dossier avec une d\u00e9fense juridique sp\u00e9cialis\u00e9e.","og_url":"https:\/\/abogadaviolenciadegenero.com\/fr\/que-faire-si-une-plainte-pour-violence-de-genre-est-retiree-ou-classee-sans-suite\/","og_site_name":"Celeste P\u00e9rez - Abogada de violencia de g\u00e9nero","article_published_time":"2024-09-22T16:51:52+00:00","article_modified_time":"2025-12-26T15:42:05+00:00","og_image":[{"width":800,"height":571,"url":"https:\/\/abogadaviolenciadegenero.com\/wp-content\/uploads\/2024\/09\/que-hacer-si-la-denuncia-violencia-genero-archivada.jpg","type":"image\/jpeg"}],"author":"admin","twitter_card":"summary_large_image","twitter_misc":{"\u00c9crit par":"admin","Dur\u00e9e de lecture estim\u00e9e":"5 minutes"},"schema":{"@context":"https:\/\/schema.org","@graph":[{"@type":"Article","@id":"https:\/\/abogadaviolenciadegenero.com\/fr\/que-faire-si-une-plainte-pour-violence-de-genre-est-retiree-ou-classee-sans-suite\/#article","isPartOf":{"@id":"https:\/\/abogadaviolenciadegenero.com\/fr\/que-faire-si-une-plainte-pour-violence-de-genre-est-retiree-ou-classee-sans-suite\/"},"author":{"name":"admin","@id":"https:\/\/abogadaviolenciadegenero.com\/fr\/#\/schema\/person\/095a2d0be42f1ccaf314a2014864471b"},"headline":"Que faire si une plainte pour violence de genre est retir\u00e9e ou class\u00e9e sans suite","datePublished":"2024-09-22T16:51:52+00:00","dateModified":"2025-12-26T15:42:05+00:00","mainEntityOfPage":{"@id":"https:\/\/abogadaviolenciadegenero.com\/fr\/que-faire-si-une-plainte-pour-violence-de-genre-est-retiree-ou-classee-sans-suite\/"},"wordCount":1188,"image":{"@id":"https:\/\/abogadaviolenciadegenero.com\/fr\/que-faire-si-une-plainte-pour-violence-de-genre-est-retiree-ou-classee-sans-suite\/#primaryimage"},"thumbnailUrl":"https:\/\/abogadaviolenciadegenero.com\/wp-content\/uploads\/2024\/09\/que-hacer-si-la-denuncia-violencia-genero-archivada.jpg","articleSection":["Non classifi\u00e9(e)"],"inLanguage":"fr-FR"},{"@type":"WebPage","@id":"https:\/\/abogadaviolenciadegenero.com\/fr\/que-faire-si-une-plainte-pour-violence-de-genre-est-retiree-ou-classee-sans-suite\/","url":"https:\/\/abogadaviolenciadegenero.com\/fr\/que-faire-si-une-plainte-pour-violence-de-genre-est-retiree-ou-classee-sans-suite\/","name":"Que faire si une plainte pour violence de genre est retir\u00e9e ou class\u00e9e sans suite - Celeste P\u00e9rez - Abogada de violencia de g\u00e9nero","isPartOf":{"@id":"https:\/\/abogadaviolenciadegenero.com\/fr\/#website"},"primaryImageOfPage":{"@id":"https:\/\/abogadaviolenciadegenero.com\/fr\/que-faire-si-une-plainte-pour-violence-de-genre-est-retiree-ou-classee-sans-suite\/#primaryimage"},"image":{"@id":"https:\/\/abogadaviolenciadegenero.com\/fr\/que-faire-si-une-plainte-pour-violence-de-genre-est-retiree-ou-classee-sans-suite\/#primaryimage"},"thumbnailUrl":"https:\/\/abogadaviolenciadegenero.com\/wp-content\/uploads\/2024\/09\/que-hacer-si-la-denuncia-violencia-genero-archivada.jpg","datePublished":"2024-09-22T16:51:52+00:00","dateModified":"2025-12-26T15:42:05+00:00","author":{"@id":"https:\/\/abogadaviolenciadegenero.com\/fr\/#\/schema\/person\/095a2d0be42f1ccaf314a2014864471b"},"description":"Plainte pour violence de genre class\u00e9e sans suite : que faire ? Apprenez \u00e0 r\u00e9unir de nouvelles preuves et \u00e0 solliciter la r\u00e9ouverture de votre dossier avec une d\u00e9fense juridique sp\u00e9cialis\u00e9e.","breadcrumb":{"@id":"https:\/\/abogadaviolenciadegenero.com\/fr\/que-faire-si-une-plainte-pour-violence-de-genre-est-retiree-ou-classee-sans-suite\/#breadcrumb"},"inLanguage":"fr-FR","potentialAction":[{"@type":"ReadAction","target":["https:\/\/abogadaviolenciadegenero.com\/fr\/que-faire-si-une-plainte-pour-violence-de-genre-est-retiree-ou-classee-sans-suite\/"]}]},{"@type":"ImageObject","inLanguage":"fr-FR","@id":"https:\/\/abogadaviolenciadegenero.com\/fr\/que-faire-si-une-plainte-pour-violence-de-genre-est-retiree-ou-classee-sans-suite\/#primaryimage","url":"https:\/\/abogadaviolenciadegenero.com\/wp-content\/uploads\/2024\/09\/que-hacer-si-la-denuncia-violencia-genero-archivada.jpg","contentUrl":"https:\/\/abogadaviolenciadegenero.com\/wp-content\/uploads\/2024\/09\/que-hacer-si-la-denuncia-violencia-genero-archivada.jpg","width":800,"height":571,"caption":"Qu\u00e9 hacer si la denuncia por violencia de g\u00e9nero es retirada o archivada"},{"@type":"BreadcrumbList","@id":"https:\/\/abogadaviolenciadegenero.com\/fr\/que-faire-si-une-plainte-pour-violence-de-genre-est-retiree-ou-classee-sans-suite\/#breadcrumb","itemListElement":[{"@type":"ListItem","position":1,"name":"Portada","item":"https:\/\/abogadaviolenciadegenero.com\/fr\/"},{"@type":"ListItem","position":2,"name":"Que faire si une plainte pour violence de genre est retir\u00e9e ou class\u00e9e sans suite"}]},{"@type":"WebSite","@id":"https:\/\/abogadaviolenciadegenero.com\/fr\/#website","url":"https:\/\/abogadaviolenciadegenero.com\/fr\/","name":"Celeste P\u00e9rez - Abogada de violencia de g\u00e9nero","description":"Defensa jur\u00eddica de la mujer y el hombre en Alicante","potentialAction":[{"@type":"SearchAction","target":{"@type":"EntryPoint","urlTemplate":"https:\/\/abogadaviolenciadegenero.com\/fr\/?s={search_term_string}"},"query-input":{"@type":"PropertyValueSpecification","valueRequired":true,"valueName":"search_term_string"}}],"inLanguage":"fr-FR"},{"@type":"Person","@id":"https:\/\/abogadaviolenciadegenero.com\/fr\/#\/schema\/person\/095a2d0be42f1ccaf314a2014864471b","name":"admin","image":{"@type":"ImageObject","inLanguage":"fr-FR","@id":"https:\/\/secure.gravatar.com\/avatar\/a01d79838170e720d249918c8bd2a30b50431d2b5474d92b7ebc9c5ac7c6c917?s=96&d=mm&r=g","url":"https:\/\/secure.gravatar.com\/avatar\/a01d79838170e720d249918c8bd2a30b50431d2b5474d92b7ebc9c5ac7c6c917?s=96&d=mm&r=g","contentUrl":"https:\/\/secure.gravatar.com\/avatar\/a01d79838170e720d249918c8bd2a30b50431d2b5474d92b7ebc9c5ac7c6c917?s=96&d=mm&r=g","caption":"admin"},"sameAs":["https:\/\/abogadaviolenciadegenero.com"],"url":"https:\/\/abogadaviolenciadegenero.com\/fr\/author\/david_ewhu82mp\/"}]}},"_links":{"self":[{"href":"https:\/\/abogadaviolenciadegenero.com\/fr\/wp-json\/wp\/v2\/posts\/1812","targetHints":{"allow":["GET"]}}],"collection":[{"href":"https:\/\/abogadaviolenciadegenero.com\/fr\/wp-json\/wp\/v2\/posts"}],"about":[{"href":"https:\/\/abogadaviolenciadegenero.com\/fr\/wp-json\/wp\/v2\/types\/post"}],"author":[{"embeddable":true,"href":"https:\/\/abogadaviolenciadegenero.com\/fr\/wp-json\/wp\/v2\/users\/1"}],"replies":[{"embeddable":true,"href":"https:\/\/abogadaviolenciadegenero.com\/fr\/wp-json\/wp\/v2\/comments?post=1812"}],"version-history":[{"count":0,"href":"https:\/\/abogadaviolenciadegenero.com\/fr\/wp-json\/wp\/v2\/posts\/1812\/revisions"}],"wp:featuredmedia":[{"embeddable":true,"href":"https:\/\/abogadaviolenciadegenero.com\/fr\/wp-json\/wp\/v2\/media\/1418"}],"wp:attachment":[{"href":"https:\/\/abogadaviolenciadegenero.com\/fr\/wp-json\/wp\/v2\/media?parent=1812"}],"wp:term":[{"taxonomy":"category","embeddable":true,"href":"https:\/\/abogadaviolenciadegenero.com\/fr\/wp-json\/wp\/v2\/categories?post=1812"},{"taxonomy":"post_tag","embeddable":true,"href":"https:\/\/abogadaviolenciadegenero.com\/fr\/wp-json\/wp\/v2\/tags?post=1812"}],"curies":[{"name":"wp","href":"https:\/\/api.w.org\/{rel}","templated":true}]}}